{"id":1431,"date":"2021-03-05T09:08:19","date_gmt":"2021-03-05T08:08:19","guid":{"rendered":"https:\/\/develop.immobilienbusiness.ch\/de\/allgemein\/2021-03-05\/basel-gastrobetriebe-durfen-als-kantinen-offnen\/"},"modified":"2021-03-05T09:08:19","modified_gmt":"2021-03-05T08:08:19","slug":"basel-gastrobetriebe-durfen-als-kantinen-offnen","status":"publish","type":"post","link":"https:\/\/develop.immobilienbusiness.ch\/it\/ib\/2021-03-05\/basel-gastrobetriebe-durfen-als-kantinen-offnen\/","title":{"rendered":"Basel: Gastrobetriebe d\u00fcrfen als Kantinen \u00f6ffnen"},"content":{"rendered":"<p><span><span><span>Ab dem 3. M\u00e4rz 2021 k\u00f6nnen Gastronomiebetriebe in Basel-Stadt Besch\u00e4ftigte von Unternehmen aus bestimmten Branchen zwischen 11 und 14 Uhr unter Auflagen bewirten. Die \u00d6ffnung erfolgt nach einer vom Bundesamt f\u00fcr Gesundheit (BAG) beschlossenen Ausnahmeregelung. Demnach k\u00f6nnen Gastronomiebetrieben \u00fcber Mittag als \u00abBetriebskantinen f\u00fcr Berufst\u00e4tige im Ausseneinsatz\u00bb wirken. <a href=\"\/\/db.immobilienbusiness.ch\/de\/2021-03-04\/luzern-restaurants-duerfen-als-betriebskantinen-oeffnen\">Von dieser Regelung hat auch der Kanton Luzern Gebrauch gemacht.<\/a><\/span><\/span><\/span><\/p>\n<p><span><span><span>Um zu einer Betriebskantine zu werden, muss sich ein Restaurant bei den Medizinischen Diensten des Gesundheitsdepartements Basel-Stadt per E-Mail registrieren. Bewirtet werden d\u00fcrfen Mitarbeitende von Unternehmen aus dem Handwerk, dem Bauhaupt- und Ausbaugewerbe, Berufst\u00e4tige im Bereich Montageservice, sowie aus dem Landwirtschaftssektor.<\/span><\/span><\/span><\/p>\n<p><span><span><span>Die G\u00e4ste m\u00fcssen im Vorfeld von ihrem Arbeitgeber beim Restaurant angemeldet werden. Der Gastronom hat die Daten der G\u00e4ste zu erfassen und f\u00fcr das Contact Tracing des Kantons w\u00e4hrend 14 Tagen aufzubewahren. Zudem muss das Restaurant ein Schutzkonzept einhalten. <\/span><\/span><\/span><\/p>","protected":false},"excerpt":{"rendered":"<p><span><span><span>Wie bereits in Luzern d\u00fcrfen nun auch im Kanton Basel-Stadt Restaurants im Rahmen einer Ausnahmeregelung wieder \u00f6ffnen. Sie m\u00fcssen dazu \u00abBetriebskantinen f\u00fcr Berufst\u00e4tige im Ausseneinsatz\u00bb werden.<\/span><\/span><\/span><\/p>","protected":false},"author":23,"featured_media":0,"comment_status":"closed","ping_status":"closed","sticky":false,"template":"","format":"standard","meta":{"_acf_changed":false,"footnotes":""},"categories":[5],"tags":[2,78],"class_list":["post-1431","post","type-post","status-publish","format-standard","hentry","category-ib","tag-bs","tag-gastronomie"],"acf":[],"_links":{"self":[{"href":"https:\/\/develop.immobilienbusiness.ch\/it\/wp-json\/wp\/v2\/posts\/1431","targetHints":{"allow":["GET"]}}],"collection":[{"href":"https:\/\/develop.immobilienbusiness.ch\/it\/wp-json\/wp\/v2\/posts"}],"about":[{"href":"https:\/\/develop.immobilienbusiness.ch\/it\/wp-json\/wp\/v2\/types\/post"}],"author":[{"embeddable":true,"href":"https:\/\/develop.immobilienbusiness.ch\/it\/wp-json\/wp\/v2\/users\/23"}],"replies":[{"embeddable":true,"href":"https:\/\/develop.immobilienbusiness.ch\/it\/wp-json\/wp\/v2\/comments?post=1431"}],"version-history":[{"count":0,"href":"https:\/\/develop.immobilienbusiness.ch\/it\/wp-json\/wp\/v2\/posts\/1431\/revisions"}],"wp:attachment":[{"href":"https:\/\/develop.immobilienbusiness.ch\/it\/wp-json\/wp\/v2\/media?parent=1431"}],"wp:term":[{"taxonomy":"category","embeddable":true,"href":"https:\/\/develop.immobilienbusiness.ch\/it\/wp-json\/wp\/v2\/categories?post=1431"},{"taxonomy":"post_tag","embeddable":true,"href":"https:\/\/develop.immobilienbusiness.ch\/it\/wp-json\/wp\/v2\/tags?post=1431"}],"curies":[{"name":"wp","href":"https:\/\/api.w.org\/{rel}","templated":true}]}}