{"id":1401,"date":"2021-03-02T09:15:49","date_gmt":"2021-03-02T08:15:49","guid":{"rendered":"https:\/\/develop.immobilienbusiness.ch\/de\/allgemein\/2021-03-02\/valiant-vaudoise-zusammenarbeit-im-hypothekarbereich\/"},"modified":"2021-03-02T09:15:49","modified_gmt":"2021-03-02T08:15:49","slug":"valiant-vaudoise-zusammenarbeit-im-hypothekarbereich","status":"publish","type":"post","link":"https:\/\/develop.immobilienbusiness.ch\/it\/ib\/2021-03-02\/valiant-vaudoise-zusammenarbeit-im-hypothekarbereich\/","title":{"rendered":"Valiant\/Vaudoise:  Zusammenarbeit im Hypothekarbereich"},"content":{"rendered":"<p><span><span>Am 2. M\u00e4rz 2021 lancieren Valiant und die Vaudoise eine Zusammenarbeit im Hypothekarbereich. Wie die Gesellschaften mitteilen, erg\u00e4nzt die Vaudoise mit der Zusammenarbeit ihr eigenes, bereits bestehendes Hypothekarangebot. Ihre Kundinnen und Kunden wird die Versicherung weiterhin in Fragen rund um die Finanzierung von Wohnobjekten beraten; komplexere Finanzierungen vermittelt sie neu direkt an Valiant und deren Spezialistinnen und Spezialisten. <\/span><\/span><span><span>KMU und Privatkunden erhalten eine gr\u00f6ssere Auswahl f\u00fcr die Hypothekarfinanzierung ihrer Unternehmen und Projekte. \u00abDie Zusammenarbeit mit Valiant bietet uns die Chance, unseren Kundinnen und Kunden umfassende Hypothekarl\u00f6sungen anzubieten\u00bb, sagt Jean-Daniel Laffely, CEO der Vaudoise Versicherungen.<\/span><\/span><\/p>\n<p><span><span>Valiant gewinnt eine neue Partnerschaft und kann dank der\u00a0 Vertriebskapazit\u00e4ten der Vaudoise ihr Gesch\u00e4ftsvolumen erh\u00f6hen. \u00abIch freue mich auf die Zusammenarbeit mit der Vaudoise, die sehr gut zu Valiant passt\u00bb, sagt Ewald Burgener, CEO von Valiant. \u00abDass die Vaudoise und Valiant Synergien nutzen, er\u00f6ffnet uns zus\u00e4tzliche Optionen zur Weiterentwicklung.\u00bb<\/span><\/span><\/p>","protected":false},"excerpt":{"rendered":"<p><span><span>Der Finanzdienstleister Valiant und die Vaudoise Versicherungen gehen eine Zusammenarbeit im Hypothekengesch\u00e4ft ein.<\/span><\/span><\/p>","protected":false},"author":24,"featured_media":0,"comment_status":"closed","ping_status":"closed","sticky":false,"template":"","format":"standard","meta":{"_acf_changed":false,"footnotes":""},"categories":[5],"tags":[82],"class_list":["post-1401","post","type-post","status-publish","format-standard","hentry","category-ib","tag-hypotheken"],"acf":[],"_links":{"self":[{"href":"https:\/\/develop.immobilienbusiness.ch\/it\/wp-json\/wp\/v2\/posts\/1401","targetHints":{"allow":["GET"]}}],"collection":[{"href":"https:\/\/develop.immobilienbusiness.ch\/it\/wp-json\/wp\/v2\/posts"}],"about":[{"href":"https:\/\/develop.immobilienbusiness.ch\/it\/wp-json\/wp\/v2\/types\/post"}],"author":[{"embeddable":true,"href":"https:\/\/develop.immobilienbusiness.ch\/it\/wp-json\/wp\/v2\/users\/24"}],"replies":[{"embeddable":true,"href":"https:\/\/develop.immobilienbusiness.ch\/it\/wp-json\/wp\/v2\/comments?post=1401"}],"version-history":[{"count":0,"href":"https:\/\/develop.immobilienbusiness.ch\/it\/wp-json\/wp\/v2\/posts\/1401\/revisions"}],"wp:attachment":[{"href":"https:\/\/develop.immobilienbusiness.ch\/it\/wp-json\/wp\/v2\/media?parent=1401"}],"wp:term":[{"taxonomy":"category","embeddable":true,"href":"https:\/\/develop.immobilienbusiness.ch\/it\/wp-json\/wp\/v2\/categories?post=1401"},{"taxonomy":"post_tag","embeddable":true,"href":"https:\/\/develop.immobilienbusiness.ch\/it\/wp-json\/wp\/v2\/tags?post=1401"}],"curies":[{"name":"wp","href":"https:\/\/api.w.org\/{rel}","templated":true}]}}