{"id":1378,"date":"2021-02-28T16:27:45","date_gmt":"2021-02-28T15:27:45","guid":{"rendered":"https:\/\/develop.immobilienbusiness.ch\/de\/allgemein\/2021-02-28\/novazzano-senioren-wohnungen-in-planung\/"},"modified":"2021-02-28T16:27:45","modified_gmt":"2021-02-28T15:27:45","slug":"novazzano-senioren-wohnungen-in-planung","status":"publish","type":"post","link":"https:\/\/develop.immobilienbusiness.ch\/it\/ib\/2021-02-28\/novazzano-senioren-wohnungen-in-planung\/","title":{"rendered":"Novazzano: Senioren-Wohnungen in Planung"},"content":{"rendered":"<p><span><span>33 Jahre sind es her, seit die Gemeinde Novazzano ein Grundst\u00fcck an der Via Casate erworben hat, um dort Wohneinheiten f\u00fcr soziale Zwecke zu bauen. Bisher ist nicht viel passiert \u2013 doch das soll sich nun \u00e4ndern. Die Gemeinde will dort Wohnraum f\u00fcr Senioren errichten lassen. Gebaut werden soll nach Pl\u00e4nen des Architekturb\u00fcros Lopes Brenna Sagl, Chiasso, welches sich 2017 mit seinem Projekt &#8222;Domenica Mattina&#8220; im Studienwettbewerb durchsetzen konnte. Danach sollen drei durch grossz\u00fcge Gr\u00fcn- und Verkehrsfl\u00e4chen voneinander getrennte Geb\u00e4ude und eine Tiefgarage entstehen; das Investitionsvolumen beziffert die Gemeinde auf rund 15 Mio. CHF. <\/span><\/span><\/p>\n<p><span><span>F\u00fcr die Nutzung der Geb\u00e4ude f\u00fcr &#8222;autarkes Leben im Alter&#8220; spricht nicht zuletzt der Standort im Zentrum der Gemeinde: Er liegt in fussl\u00e4ufiger Entfernung zu einer Bushaltestelle und vielen Gesch\u00e4ften und Dienstleistern (u.a. Bank, Bar, Friseur, Lebensmittelh\u00e4ndler, Tankstelle). In direkter Nachbarschaft befindet sich ferner das \u00c4rztehaus Girtondo, dessen Dienstleistungen (inkl. Mensa und W\u00e4scherei) die Bewohner von &#8222;Domenica Mattina&#8220; nutzen k\u00f6nnten. Aufgrund der N\u00e4he zu dieser Einrichtung pr\u00fcft die Gemeinde derzeit zusammen mit der Ente case anziani Mendrisiotto (Beh\u00f6rde f\u00fcr Altenheime im Mendrisiotto) und dem Kanton, eine bestimmte Anzahl von Wohnungen f\u00fcr Mieter zu reservieren, die einen 24\/7-Pflegedienst ben\u00f6tigen. Auch das Tageszentrum der Atte Group, ein insbesondere auf \u00e4ltere Menschen zugeschnittenes Freizeitzentrum, ist unweit entfernt. <\/span><\/span><\/p>\n<p><span><span>Gem\u00e4ss regionalen Medien ist die Entscheidung f\u00fcr die Realisierung des Projekts noch nicht definitiv gefallen. &#8222;Jede Kurs\u00e4nderung bedeutet, in diesem Bereich Ver\u00e4nderungen vorzunehmen und folglich die Ausf\u00fchrung eines so wichtigen Werkes, das dem Stadtrat in verschiedenen Legislaturperioden unz\u00e4hlige Male vorgelegt wurde, zeitlich zu verz\u00f6gern&#8220;, warnt die Gemeinde und verweist auf die bereits in das Projekt investierten Steuergelder (Kauf von Grundst\u00fccken, Studien, Projektwettbewerbe, etc.). Der Gemeinderat hat j\u00fcngst eine Botschaft verfasst mit dem Antrag auf einen Kredit \u00fcber 2,2 Mio. CHF f\u00fcr die Planung der Wohnungen; die Entscheidung steht noch aus.<\/span><\/span><\/p>","protected":false},"excerpt":{"rendered":"<p><span><span>Die Gemeinde Novazzano (TI) plant an der Via Casate den Bau von Seniorenwohnungen. J\u00fcngst hat der Gemeinderat einen Kredit f\u00fcr die Projektierung der altersgerechten Wohnungen beantragt; als Grundlage dient das Projekt &#8222;Domenica Mattina&#8220; des Architekturb\u00fcros Lopes Brenna Sagl, Chiasso.<\/span><\/span><\/p>","protected":false},"author":24,"featured_media":0,"comment_status":"closed","ping_status":"closed","sticky":false,"template":"","format":"standard","meta":{"_acf_changed":false,"footnotes":""},"categories":[5],"tags":[11,13,49],"class_list":["post-1378","post","type-post","status-publish","format-standard","hentry","category-ib","tag-in-planung","tag-senioren-immobilie","tag-ti"],"acf":[],"_links":{"self":[{"href":"https:\/\/develop.immobilienbusiness.ch\/it\/wp-json\/wp\/v2\/posts\/1378","targetHints":{"allow":["GET"]}}],"collection":[{"href":"https:\/\/develop.immobilienbusiness.ch\/it\/wp-json\/wp\/v2\/posts"}],"about":[{"href":"https:\/\/develop.immobilienbusiness.ch\/it\/wp-json\/wp\/v2\/types\/post"}],"author":[{"embeddable":true,"href":"https:\/\/develop.immobilienbusiness.ch\/it\/wp-json\/wp\/v2\/users\/24"}],"replies":[{"embeddable":true,"href":"https:\/\/develop.immobilienbusiness.ch\/it\/wp-json\/wp\/v2\/comments?post=1378"}],"version-history":[{"count":0,"href":"https:\/\/develop.immobilienbusiness.ch\/it\/wp-json\/wp\/v2\/posts\/1378\/revisions"}],"wp:attachment":[{"href":"https:\/\/develop.immobilienbusiness.ch\/it\/wp-json\/wp\/v2\/media?parent=1378"}],"wp:term":[{"taxonomy":"category","embeddable":true,"href":"https:\/\/develop.immobilienbusiness.ch\/it\/wp-json\/wp\/v2\/categories?post=1378"},{"taxonomy":"post_tag","embeddable":true,"href":"https:\/\/develop.immobilienbusiness.ch\/it\/wp-json\/wp\/v2\/tags?post=1378"}],"curies":[{"name":"wp","href":"https:\/\/api.w.org\/{rel}","templated":true}]}}