{"id":1333,"date":"2021-02-22T09:19:33","date_gmt":"2021-02-22T08:19:33","guid":{"rendered":"https:\/\/develop.immobilienbusiness.ch\/de\/allgemein\/2021-02-22\/basel-neues-3d-luftbild-zeigt-auch-bauprojekte\/"},"modified":"2021-02-22T09:19:33","modified_gmt":"2021-02-22T08:19:33","slug":"basel-neues-3d-luftbild-zeigt-auch-bauprojekte","status":"publish","type":"post","link":"https:\/\/develop.immobilienbusiness.ch\/it\/ib\/2021-02-22\/basel-neues-3d-luftbild-zeigt-auch-bauprojekte\/","title":{"rendered":"Basel: Neues 3D-Luftbild zeigt auch Bauprojekte"},"content":{"rendered":"<p><span><span><span>Das neue Luftbild im 3D-Viewer des Kantons Basel-Stadt erm\u00f6glicht eine dreidimensionale Erkundungstour durch Basel. Es kann mit ausgew\u00e4hlten Bauprojekten \u2013 sowohl bewilligten Bauten als auch Bauprojekten und auch Projektideen &#8211; kombiniert werden. Zudem ist es m\u00f6glich, H\u00f6henprofile zu analysieren, Distanzen zu messen und Schattenw\u00fcrfe zu verschiedensten Tages- und Jahreszeiten zu visualisieren. In Kombination mit dem 3D-Luftbild aus dem Jahr 2017 lassen sich auch bauliche Entwicklungen ablesen. <\/span><\/span><\/span><\/p>\n<p><span><span><span>Wie das Bau- und Verkehrsdepartement mitteilt, variiert die Messgenauigkeit des 3D-Lufbildes je nach Ausschnitt und liegt im Dezimeterbereich. Da es automatisch generiert wird, k\u00f6nnten einzelne Bereiche Artefakte und verzerrte Objekte aufweisen.<\/span><\/span><\/span><\/p>\n<p><span><span><span>Die Luftbilder aus der Region wurden im M\u00e4rz 2020 vom Grundbuch- und Vermessungsamt Basel-Stadt gemeinsam mit Weil am Rhein und L\u00f6rrach erstellt. Bereits publiziert wurden Orthofotos \u2013 entzerrte Luftbilder \u2013 und Schr\u00e4gluftbilder.<\/span><\/span><\/span><\/p>\n<p><span><span><span>Der 3D-Viewer ist im Geoportal des Kantons abrufbar: <a href=\"https:\/\/basel-stadt.virtualcitymap.de\/?lang=de&amp;layerToActivate=%5B%223D-Mesh%202020%22%2C%22Projekte_2019-04-04%22%2C%22Geplante_Bauvorhaben%22%2C%22Bewilligte_Bauten_2019-04-04%22%2C%22HafenTMS%22%5D&amp;layerToDeactivate=%5B%22Stadtplan-%20und%20Parzellenplan%20farbig%20(WMTS)%22%2C%22Gebaeude%22%2C%22Bruecken%22%2C%22Terrain%22%5D&amp;startingmap=Cesium%20Map&amp;cameraPosition=7.59378%2C47.54074%2C1071.23962&amp;groundPosition=7.59027%2C47.55001%2C-0.00464&amp;distance=1509.63&amp;pitch=-45.21&amp;heading=345.61&amp;roll=359.93#\/legend\">www.geo.bs.ch\/3D<\/a><\/span><\/span><\/span><\/p>","protected":false},"excerpt":{"rendered":"<p><span><span><span>Im Geoportal des Kantons Basel-Stadt ist neu ein interaktives 3D-Luftbild der Stadt verf\u00fcgbar, das neben den Bestandsgeb\u00e4uden auch Projektideen und Bauprojekte zeigt. <\/span><\/span><\/span><\/p>","protected":false},"author":23,"featured_media":0,"comment_status":"closed","ping_status":"closed","sticky":false,"template":"","format":"standard","meta":{"_acf_changed":false,"footnotes":""},"categories":[5],"tags":[2,77],"class_list":["post-1333","post","type-post","status-publish","format-standard","hentry","category-ib","tag-bs","tag-raumordnung-zonenplanung"],"acf":[],"_links":{"self":[{"href":"https:\/\/develop.immobilienbusiness.ch\/it\/wp-json\/wp\/v2\/posts\/1333","targetHints":{"allow":["GET"]}}],"collection":[{"href":"https:\/\/develop.immobilienbusiness.ch\/it\/wp-json\/wp\/v2\/posts"}],"about":[{"href":"https:\/\/develop.immobilienbusiness.ch\/it\/wp-json\/wp\/v2\/types\/post"}],"author":[{"embeddable":true,"href":"https:\/\/develop.immobilienbusiness.ch\/it\/wp-json\/wp\/v2\/users\/23"}],"replies":[{"embeddable":true,"href":"https:\/\/develop.immobilienbusiness.ch\/it\/wp-json\/wp\/v2\/comments?post=1333"}],"version-history":[{"count":0,"href":"https:\/\/develop.immobilienbusiness.ch\/it\/wp-json\/wp\/v2\/posts\/1333\/revisions"}],"wp:attachment":[{"href":"https:\/\/develop.immobilienbusiness.ch\/it\/wp-json\/wp\/v2\/media?parent=1333"}],"wp:term":[{"taxonomy":"category","embeddable":true,"href":"https:\/\/develop.immobilienbusiness.ch\/it\/wp-json\/wp\/v2\/categories?post=1333"},{"taxonomy":"post_tag","embeddable":true,"href":"https:\/\/develop.immobilienbusiness.ch\/it\/wp-json\/wp\/v2\/tags?post=1333"}],"curies":[{"name":"wp","href":"https:\/\/api.w.org\/{rel}","templated":true}]}}