{"id":1268,"date":"2021-02-09T08:49:22","date_gmt":"2021-02-09T07:49:22","guid":{"rendered":"https:\/\/develop.immobilienbusiness.ch\/de\/allgemein\/2021-02-09\/bern-universitat-soll-modulbau-erhalten\/"},"modified":"2021-02-09T08:49:22","modified_gmt":"2021-02-09T07:49:22","slug":"bern-universitat-soll-modulbau-erhalten","status":"publish","type":"post","link":"https:\/\/develop.immobilienbusiness.ch\/it\/ib\/2021-02-09\/bern-universitat-soll-modulbau-erhalten\/","title":{"rendered":"Bern: Universit\u00e4t soll Modulbau erhalten"},"content":{"rendered":"<p><span><span><span>Angesichts steigender Studierendenzahlen plant der Kanton Bern Neubauten f\u00fcr die Philosophisch-naturwissenschaftliche Fakult\u00e4t und die Medizinische Fakult\u00e4t der Universit\u00e4t. Da diese Geb\u00e4ude aber erst in ca. 15 Jahren bezugsbereit sind, ist nun ein dreist\u00f6ckiger Modulbau mit Labor- und B\u00fcrofl\u00e4chen neben der Baltzerstrasse 6 geplant. <\/span><\/span><\/span><\/p>\n<p><span><span><span>Nach Ansicht der Bau-, Energie-, Verkehrs- und Raumplanungskommission (BaK) ist dies eine schnell realisierbare und wirtschaftliche L\u00f6sung. Die Kommission beantragt deshalb dem Grossen Rat, dem vom Regierungsrat beantragten Kredit \u00fcber knapp 5.5 Millionen CHF zuzustimmen. Der Grosse Rat wird in der Fr\u00fchlingssession dar\u00fcber befinden.<\/span><\/span><\/span><\/p>","protected":false},"excerpt":{"rendered":"<p><span><span><span>Um die Zeit zu \u00fcberbr\u00fccken, bis die geplanten Neubauten f\u00fcr die Universit\u00e4t Bern fertiggestellt sind, soll auf dem Muesmattareal ein Modulbau mit Labor- und B\u00fcrofl\u00e4chen errichtet werden.<\/span><\/span><\/span><\/p>","protected":false},"author":23,"featured_media":0,"comment_status":"closed","ping_status":"closed","sticky":false,"template":"","format":"standard","meta":{"_acf_changed":false,"footnotes":""},"categories":[5],"tags":[25,7,11],"class_list":["post-1268","post","type-post","status-publish","format-standard","hentry","category-ib","tag-be","tag-buro","tag-in-planung"],"acf":[],"_links":{"self":[{"href":"https:\/\/develop.immobilienbusiness.ch\/it\/wp-json\/wp\/v2\/posts\/1268","targetHints":{"allow":["GET"]}}],"collection":[{"href":"https:\/\/develop.immobilienbusiness.ch\/it\/wp-json\/wp\/v2\/posts"}],"about":[{"href":"https:\/\/develop.immobilienbusiness.ch\/it\/wp-json\/wp\/v2\/types\/post"}],"author":[{"embeddable":true,"href":"https:\/\/develop.immobilienbusiness.ch\/it\/wp-json\/wp\/v2\/users\/23"}],"replies":[{"embeddable":true,"href":"https:\/\/develop.immobilienbusiness.ch\/it\/wp-json\/wp\/v2\/comments?post=1268"}],"version-history":[{"count":0,"href":"https:\/\/develop.immobilienbusiness.ch\/it\/wp-json\/wp\/v2\/posts\/1268\/revisions"}],"wp:attachment":[{"href":"https:\/\/develop.immobilienbusiness.ch\/it\/wp-json\/wp\/v2\/media?parent=1268"}],"wp:term":[{"taxonomy":"category","embeddable":true,"href":"https:\/\/develop.immobilienbusiness.ch\/it\/wp-json\/wp\/v2\/categories?post=1268"},{"taxonomy":"post_tag","embeddable":true,"href":"https:\/\/develop.immobilienbusiness.ch\/it\/wp-json\/wp\/v2\/tags?post=1268"}],"curies":[{"name":"wp","href":"https:\/\/api.w.org\/{rel}","templated":true}]}}