{"id":1140,"date":"2021-01-08T09:32:42","date_gmt":"2021-01-08T08:32:42","guid":{"rendered":"https:\/\/develop.immobilienbusiness.ch\/de\/allgemein\/2021-01-08\/thun-stadt-sucht-neuen-betreiber-fur-halle-6\/"},"modified":"2021-01-08T09:32:42","modified_gmt":"2021-01-08T08:32:42","slug":"thun-stadt-sucht-neuen-betreiber-fur-halle-6","status":"publish","type":"post","link":"https:\/\/develop.immobilienbusiness.ch\/it\/ib\/2021-01-08\/thun-stadt-sucht-neuen-betreiber-fur-halle-6\/","title":{"rendered":"Thun: Stadt sucht neuen Betreiber f\u00fcr Halle 6"},"content":{"rendered":"<p><span><span><span>Die Halle 6 an der Scheibenstrasse in Thun wurde 1916 erbaut und diente den Selve-Metallwerken als Produktionshalle. Die 2.800 qm grosse Halle geh\u00f6rt der Stadt Thun wurde zuletzt multifunktional genutzt &#8211; als Ort f\u00fcr Design, Kultur, Gastronomie und Arbeitspl\u00e4tze. Unter dem Namen Konzepthalle 6 war sie Eventlocation und beherbergte Coworking-Arbeitspl\u00e4tze.<\/span><\/span><\/span><\/p>\n<p><span><span><span>Im Dezember 2020 mussten die Betreiber der Konzepthalle 6 jedoch die Bilanz deponieren, und in der Folge hat der Thuner Gemeinderat entschieden, den Betrieb der Halle neu auszuschreiben. Man sei innerhalb der gegebenen rechtlichen Rahmenbedingungen grunds\u00e4tzlich offen f\u00fcr innovative Ideen und unterschiedliche Nutzungen der Liegenschaft, teilt der Gemeinderat Anfang Januar 2021 mit. <\/span><\/span><\/span><\/p>","protected":false},"excerpt":{"rendered":"<p><span><span><span>Die Stadt Thun will den Betrieb der Halle 6 im Selve-Areal neu ausschreiben. Bislang war in der ehemaligen Produktionshalle die Konzepthalle 6 angesiedelt, die Betreiber mussten jedoch die Bilanz deponieren.<\/span><\/span><\/span><\/p>","protected":false},"author":23,"featured_media":0,"comment_status":"closed","ping_status":"closed","sticky":false,"template":"","format":"standard","meta":{"_acf_changed":false,"footnotes":""},"categories":[5],"tags":[25,59,17],"class_list":["post-1140","post","type-post","status-publish","format-standard","hentry","category-ib","tag-be","tag-freizeitimmobilien","tag-verfugbare-flache"],"acf":[],"_links":{"self":[{"href":"https:\/\/develop.immobilienbusiness.ch\/it\/wp-json\/wp\/v2\/posts\/1140","targetHints":{"allow":["GET"]}}],"collection":[{"href":"https:\/\/develop.immobilienbusiness.ch\/it\/wp-json\/wp\/v2\/posts"}],"about":[{"href":"https:\/\/develop.immobilienbusiness.ch\/it\/wp-json\/wp\/v2\/types\/post"}],"author":[{"embeddable":true,"href":"https:\/\/develop.immobilienbusiness.ch\/it\/wp-json\/wp\/v2\/users\/23"}],"replies":[{"embeddable":true,"href":"https:\/\/develop.immobilienbusiness.ch\/it\/wp-json\/wp\/v2\/comments?post=1140"}],"version-history":[{"count":0,"href":"https:\/\/develop.immobilienbusiness.ch\/it\/wp-json\/wp\/v2\/posts\/1140\/revisions"}],"wp:attachment":[{"href":"https:\/\/develop.immobilienbusiness.ch\/it\/wp-json\/wp\/v2\/media?parent=1140"}],"wp:term":[{"taxonomy":"category","embeddable":true,"href":"https:\/\/develop.immobilienbusiness.ch\/it\/wp-json\/wp\/v2\/categories?post=1140"},{"taxonomy":"post_tag","embeddable":true,"href":"https:\/\/develop.immobilienbusiness.ch\/it\/wp-json\/wp\/v2\/tags?post=1140"}],"curies":[{"name":"wp","href":"https:\/\/api.w.org\/{rel}","templated":true}]}}