{"id":1060,"date":"2020-12-14T09:22:17","date_gmt":"2020-12-14T08:22:17","guid":{"rendered":"https:\/\/develop.immobilienbusiness.ch\/de\/allgemein\/2020-12-14\/zuchwil-zweitgrosste-kehrichtverwertungsanlage-der-schweiz-entsteht\/"},"modified":"2020-12-14T09:22:17","modified_gmt":"2020-12-14T08:22:17","slug":"zuchwil-zweitgrosste-kehrichtverwertungsanlage-der-schweiz-entsteht","status":"publish","type":"post","link":"https:\/\/develop.immobilienbusiness.ch\/it\/ib\/2020-12-14\/zuchwil-zweitgrosste-kehrichtverwertungsanlage-der-schweiz-entsteht\/","title":{"rendered":"Zuchwil: Zweitgr\u00f6sste Kehrichtverwertungsanlage der Schweiz entsteht"},"content":{"rendered":"<p><span><span><span>Von 2021 bis 2025 wird Strabag die neue Kehrichtverwertungsanlage (KVA) Kebag Enova in Zuchwil errichten; die Bausumme liegt Unternehmensangaben zufolge bei 48,8 Millionen CHF. Erstellt wird der Rohbau in Betonbauweise, laut Strabag werden 53.000 m3 Beton eingesetzt. Der Neubau ersetzt die bisherige, bald 50 Jahre alte Anlage und soll j\u00e4hrlich ca. 145 GWh Strom und 120 GWh Fernw\u00e4rme produzieren, das sind etwa 10 % mehr als heute. <\/span><\/span><\/span><\/p>\n<p><span><span><span>Besonderheiten des Projekts seien die hohen gestalterischen Anforderungen der Bauherrschaft, z.B. erstelle man eine grossfl\u00e4chige Sichtbetonfassade, hinzu k\u00e4men Schnittstellen mit dem komplexen Anlagenbau und der Geb\u00e4udetechnik, vorgespannte Bauteile und die Abdichtung des Untergeschosses als \u00abGelbe Wanne\u00bb, so Urs Beeler, Technischer Bereichsleiter der Strabag. Zum Auftrag geh\u00f6ren auch der Bau der f\u00fcr den Betrieb erforderlichen Werk- und Prozessleitungen.<\/span><\/span><\/span><\/p>","protected":false},"excerpt":{"rendered":"<p><span><span><span>Strabag wird die neue Kehrichtverwertungsanlage (KVA) der Firma Kebag in Zuchwil (SO) bauen. Die Anlage wird die zweitgr\u00f6sste KVA der Schweiz und die gr\u00f6sste Stromproduzentin der Region sein. <\/span><\/span><\/span><\/p>","protected":false},"author":23,"featured_media":0,"comment_status":"closed","ping_status":"closed","sticky":false,"template":"","format":"standard","meta":{"_acf_changed":false,"footnotes":""},"categories":[5],"tags":[19,62,71,33],"class_list":["post-1060","post","type-post","status-publish","format-standard","hentry","category-ib","tag-in-bau","tag-infrastruktur","tag-nachhaltigkeit","tag-so"],"acf":[],"_links":{"self":[{"href":"https:\/\/develop.immobilienbusiness.ch\/it\/wp-json\/wp\/v2\/posts\/1060","targetHints":{"allow":["GET"]}}],"collection":[{"href":"https:\/\/develop.immobilienbusiness.ch\/it\/wp-json\/wp\/v2\/posts"}],"about":[{"href":"https:\/\/develop.immobilienbusiness.ch\/it\/wp-json\/wp\/v2\/types\/post"}],"author":[{"embeddable":true,"href":"https:\/\/develop.immobilienbusiness.ch\/it\/wp-json\/wp\/v2\/users\/23"}],"replies":[{"embeddable":true,"href":"https:\/\/develop.immobilienbusiness.ch\/it\/wp-json\/wp\/v2\/comments?post=1060"}],"version-history":[{"count":0,"href":"https:\/\/develop.immobilienbusiness.ch\/it\/wp-json\/wp\/v2\/posts\/1060\/revisions"}],"wp:attachment":[{"href":"https:\/\/develop.immobilienbusiness.ch\/it\/wp-json\/wp\/v2\/media?parent=1060"}],"wp:term":[{"taxonomy":"category","embeddable":true,"href":"https:\/\/develop.immobilienbusiness.ch\/it\/wp-json\/wp\/v2\/categories?post=1060"},{"taxonomy":"post_tag","embeddable":true,"href":"https:\/\/develop.immobilienbusiness.ch\/it\/wp-json\/wp\/v2\/tags?post=1060"}],"curies":[{"name":"wp","href":"https:\/\/api.w.org\/{rel}","templated":true}]}}