{"id":1032,"date":"2020-12-09T16:44:54","date_gmt":"2020-12-09T15:44:54","guid":{"rendered":"https:\/\/develop.immobilienbusiness.ch\/de\/allgemein\/2020-12-09\/zurich-big-projekt-in-zurich-wiedikon-kommt-voran\/"},"modified":"2020-12-09T16:44:54","modified_gmt":"2020-12-09T15:44:54","slug":"zurich-big-projekt-in-zurich-wiedikon-kommt-voran","status":"publish","type":"post","link":"https:\/\/develop.immobilienbusiness.ch\/it\/ib\/2020-12-09\/zurich-big-projekt-in-zurich-wiedikon-kommt-voran\/","title":{"rendered":"Z\u00fcrich:  BiG-Projekt in Z\u00fcrich-Wiedikon kommt voran"},"content":{"rendered":"<p><span><span>Die Baugenossenschaft im Gut (BiG) will ihren Siedlungsbestand an der Gutstrasse in Z\u00fcrich-Wiedikon in sozial- und quartiervertr\u00e4glichen Bauetappen ersetzen; dem\u00a0 Masterplan zur Erneuerung des Siedlungsbestands gab der Stadtrat im Mai 2020 gr\u00fcnes Licht. In einem ersten Schritt sollen Ersatzneubauten auf den beiden Grundst\u00fccken A und D mit rund 100 Wohnungen, einem Kindergarten, der Gesch\u00e4ftsstelle der BiG sowie Gemeinschafts- und Gewerber\u00e4umen entstehen. Die beiden Parzellen im mittleren Bereich der Gutstrasse auf H\u00f6he Einm\u00fcndung Triemlifussweg hat die BiG von der Stadt Z\u00fcrich im Baurecht erhalten.<\/span><\/span><\/p>\n<p><span><span>Den im selektiven Verfahren durchgef\u00fchrten Architekturwettbewerb hat die Arbeitsgemeinschaft L\u00fctjens Padmanabhan Architekten\/Caruso St John Architects und Ghiggi Paesaggi Landschaft &amp; St\u00e4dtebau aus Z\u00fcrich mit ihrem Projekt \u00abGilbert &amp; George\u00bb f\u00fcr sich entschieden. Danach sollen beidseits der Gutstrasse ein in Typus und Erscheinung gleichartiges Geb\u00e4udepaar entstehen. Die etwas niedrigere und schlankere Geb\u00e4udezeile auf Baufeld A liegt unmittelbar an der Gutstrasse und ist im Erdgeschoss mit einem Gartenpavillon f\u00fcr den Doppelkindergarten verbunden. Als gemeinschaftlicher Aussenbereich dient eine begr\u00fcnte teilweise \u00fcberdeckte Terrasse auf dem Dach. Auf dem Baufeld D wird dem zehngeschossigen Zeilenbau auf der Strassenseite ein sehr einfacher, schlanker Pavillon mit der Gesch\u00e4ftsstelle der BiG vorgelagert.<\/span><\/span><span><span> Die Wohnungsgrundrisse sind in beiden H\u00e4usern offen, flexibel unterteil- und m\u00f6blierbar und verf\u00fcgen \u00fcber sorgf\u00e4ltig gestaltete Eingangsbereiche. Die K\u00fcchen sind an der belebten Strassenseite angeordnet, alle Wohn- und Schlafr\u00e4ume zur ruhigeren Seite orientiert.<\/span><\/span><\/p>\n<p><span><span>Die Energiezielwerte gem\u00e4ss Minergie-P-ECO sowie die Massst\u00e4be zum umwelt- und energiegerechten Bauen der st\u00e4dtischen 7-Meilenschritte werden eingehalten. Die Jury fordert bei der Weiterentwicklung des Projekts, die \u00f6ffentlichen Freir\u00e4ume der Siedlung beidseits der Gutstrasse noch mehr in Richtung strassen\u00fcbergreifenden parkartigen Landschaftsraum zu vereinen.<\/span><\/span><\/p>","protected":false},"excerpt":{"rendered":"<p><span><span>Die BiG Baugenossenschaft im Gut plant, in einer ersten Etappe einen Teil ihrer Mehrfamilienh\u00e4user auf den Baufeldern A und D an der Gutstrasse in Z\u00fcrich-Wiedikon zu ersetzen. Sieger im Architekturwettbewerb f\u00fcr die Ersatzneubauten ist die Arbeitsgemeinschaft L\u00fctjens Padmanabhan Architekten\/Caruso St John Architects und Ghiggi Paesaggi Landschaft &amp; St\u00e4dtebau.<\/span><\/span><\/p>","protected":false},"author":24,"featured_media":0,"comment_status":"closed","ping_status":"closed","sticky":false,"template":"","format":"standard","meta":{"_acf_changed":false,"footnotes":""},"categories":[5],"tags":[11,4,42],"class_list":["post-1032","post","type-post","status-publish","format-standard","hentry","category-ib","tag-in-planung","tag-mehrfamilienhaus-miete","tag-zh"],"acf":[],"_links":{"self":[{"href":"https:\/\/develop.immobilienbusiness.ch\/it\/wp-json\/wp\/v2\/posts\/1032","targetHints":{"allow":["GET"]}}],"collection":[{"href":"https:\/\/develop.immobilienbusiness.ch\/it\/wp-json\/wp\/v2\/posts"}],"about":[{"href":"https:\/\/develop.immobilienbusiness.ch\/it\/wp-json\/wp\/v2\/types\/post"}],"author":[{"embeddable":true,"href":"https:\/\/develop.immobilienbusiness.ch\/it\/wp-json\/wp\/v2\/users\/24"}],"replies":[{"embeddable":true,"href":"https:\/\/develop.immobilienbusiness.ch\/it\/wp-json\/wp\/v2\/comments?post=1032"}],"version-history":[{"count":0,"href":"https:\/\/develop.immobilienbusiness.ch\/it\/wp-json\/wp\/v2\/posts\/1032\/revisions"}],"wp:attachment":[{"href":"https:\/\/develop.immobilienbusiness.ch\/it\/wp-json\/wp\/v2\/media?parent=1032"}],"wp:term":[{"taxonomy":"category","embeddable":true,"href":"https:\/\/develop.immobilienbusiness.ch\/it\/wp-json\/wp\/v2\/categories?post=1032"},{"taxonomy":"post_tag","embeddable":true,"href":"https:\/\/develop.immobilienbusiness.ch\/it\/wp-json\/wp\/v2\/tags?post=1032"}],"curies":[{"name":"wp","href":"https:\/\/api.w.org\/{rel}","templated":true}]}}