{"id":982,"date":"2020-12-03T09:34:35","date_gmt":"2020-12-03T08:34:35","guid":{"rendered":"https:\/\/develop.immobilienbusiness.ch\/de\/allgemein\/2020-12-03\/reinach-business-parc-hat-ausbauplane\/"},"modified":"2020-12-03T09:34:35","modified_gmt":"2020-12-03T08:34:35","slug":"reinach-business-parc-hat-ausbauplane","status":"publish","type":"post","link":"https:\/\/develop.immobilienbusiness.ch\/fr\/ib\/2020-12-03\/reinach-business-parc-hat-ausbauplane\/","title":{"rendered":"Reinach: Business Parc hat Ausbaupl\u00e4ne"},"content":{"rendered":"<p><span><span><span>Der Business Parc besteht seit 20 Jahren und unterst\u00fctzt Unternehmer aus der Nordwestschweiz bei der Gr\u00fcndung. <\/span><\/span><\/span><span><span><span>Derzeit hat der Business Parc 86 Mitglieder mit insgesamt rund 120 Mitarbeitenden, \u00fcber 40 davon sind in dem Geb\u00e4ude in Reinach mit insgesamt 4.000 qm Gesch\u00e4ftsfl\u00e4che eingemietet. Auch die Corona-Krise hat die Firmengr\u00fcnder nicht gestoppt: Man habe seit M\u00e4rz einen ausserordentlichen Zuwachs verzeichnet. \u00abBis auf zwei R\u00e4ume ist unser Haus voll\u00bb, sagt Gesch\u00e4ftsf\u00fchrer Melchior Buchs.<\/span><\/span><\/span><\/p>\n<p><span><span><span>Aufgrund der wachsenden Nachfrage nach R\u00e4umen, Infrastruktur sowie den Dienstleistungen und der konstant hohen Auslastung des Business Parcs von bis zu 95% habe man entschieden, das bestehende Geb\u00e4ude am Christoph-Merian-Ring um ein zweites zu erweitern, teilt der Business Parc mit Realisiert werden soll ein Entwurf des B\u00fcros Scopebox, das mit flexiblen und hellen R\u00e4umen, einer effektiven Ausnutzung des vorhandenen Platzes und einer kosteneffiziente Umsetzung des rund 20 Millionen CHF teuren Projekts \u00fcberzeugt habe. <\/span><\/span><\/span><\/p>\n<p><span><span><span>Auf sieben Geschossen soll eine Gesamtnutzfl\u00e4che von fast 6.200 qm entstehen. Die Mitglieder des Business Parcs sollen B\u00fcros in verschiedenen Gr\u00f6ssen mieten und Sitzungszimmer sowie Begegnungszonen mitsamt Infrastruktur und Services nutzen k\u00f6nnen. Der Neubau wird \u00fcber einen Gang mit dem Bestandsgeb\u00e4ude verbunden. Die Baueingabe soll 2021 erfolgen, der Baubeginn ist f\u00fcr Anfang 2022 geplant. 2024 soll das neue Geb\u00e4ude bezugsbereit sein. <\/span><\/span><\/span><\/p>\n<p><span><span><span>Zudem wird der Business Parc in Liestal einen neuen Standort er\u00f6ffnen: Die Stiftung Regionales Gr\u00fcnderzentrum Reinach mietet im Rahmen einer Zusammenarbeit im Geb\u00e4ude der Tretor AG das Erdgeschoss. Ab Anfang M\u00e4rz 2021 sollen Start-ups im neuenBusiness Parc Liestal auf einer Gesamtfl\u00e4che von rund 160 qm sechs B\u00fcror\u00e4ume und Coworking-Arbeitspl\u00e4tze nutzen k\u00f6nnen. Das Angebot werde dem Reinacher Modell entsprechen und neben der Vermietung von B\u00fcros auch Services wie Telefon-, Post- und Hausdienste und eine gemeinsam genutzte Infrastruktur sowie Beratung zur Firmengr\u00fcndung umfassen, heisst es.<\/span><\/span><\/span><\/p>\n<p><span><span><span>Weiter k\u00fcndigt der Business Parc an, sich an der Stiftung Gewerbe- und Businesspark Basel zu beteiligen. Bis April 2022 sollen in der Werkarena an der Neudorfstrasse ein Mix aus B\u00fcro- und Gewerbefl\u00e4chen mit Business- und Beratungs-Services und moderner Infrastruktur f\u00fcr Start-ups sowie Unternehmen entstehen.<\/span><\/span><\/span><\/p>\n<p><span><span><span>Der Business Parc ist finanziell selbsttragend und wird vom F\u00f6rderverein Club \u00c9toile unterst\u00fctzt. Die kostenlose Gr\u00fcndungsberatung wird vom Kanton Baselland getragen. <\/span><\/span><\/span><\/p>\n<p>\u00a0<\/p>","protected":false},"excerpt":{"rendered":"<p><span><span><span>Der Business Parc in Reinach (BL) will aufgrund der grossen Nachfrage einen Erweiterungsbau erstellen und in Liestal einen weiteren Standort er\u00f6ffnen.<\/span><\/span><\/span><\/p>","protected":false},"author":23,"featured_media":0,"comment_status":"closed","ping_status":"closed","sticky":false,"template":"","format":"standard","meta":{"_acf_changed":false,"footnotes":""},"categories":[5],"tags":[18,7,11],"class_list":["post-982","post","type-post","status-publish","format-standard","hentry","category-ib","tag-bl","tag-buro","tag-in-planung"],"acf":[],"_links":{"self":[{"href":"https:\/\/develop.immobilienbusiness.ch\/fr\/wp-json\/wp\/v2\/posts\/982","targetHints":{"allow":["GET"]}}],"collection":[{"href":"https:\/\/develop.immobilienbusiness.ch\/fr\/wp-json\/wp\/v2\/posts"}],"about":[{"href":"https:\/\/develop.immobilienbusiness.ch\/fr\/wp-json\/wp\/v2\/types\/post"}],"author":[{"embeddable":true,"href":"https:\/\/develop.immobilienbusiness.ch\/fr\/wp-json\/wp\/v2\/users\/23"}],"replies":[{"embeddable":true,"href":"https:\/\/develop.immobilienbusiness.ch\/fr\/wp-json\/wp\/v2\/comments?post=982"}],"version-history":[{"count":0,"href":"https:\/\/develop.immobilienbusiness.ch\/fr\/wp-json\/wp\/v2\/posts\/982\/revisions"}],"wp:attachment":[{"href":"https:\/\/develop.immobilienbusiness.ch\/fr\/wp-json\/wp\/v2\/media?parent=982"}],"wp:term":[{"taxonomy":"category","embeddable":true,"href":"https:\/\/develop.immobilienbusiness.ch\/fr\/wp-json\/wp\/v2\/categories?post=982"},{"taxonomy":"post_tag","embeddable":true,"href":"https:\/\/develop.immobilienbusiness.ch\/fr\/wp-json\/wp\/v2\/tags?post=982"}],"curies":[{"name":"wp","href":"https:\/\/api.w.org\/{rel}","templated":true}]}}