{"id":973,"date":"2020-12-01T15:47:47","date_gmt":"2020-12-01T14:47:47","guid":{"rendered":"https:\/\/develop.immobilienbusiness.ch\/de\/allgemein\/2020-12-01\/zurich-privatbank-rahn-bodmer-zugelt-ins-niederdorf\/"},"modified":"2020-12-01T15:47:47","modified_gmt":"2020-12-01T14:47:47","slug":"zurich-privatbank-rahn-bodmer-zugelt-ins-niederdorf","status":"publish","type":"post","link":"https:\/\/develop.immobilienbusiness.ch\/fr\/ib\/2020-12-01\/zurich-privatbank-rahn-bodmer-zugelt-ins-niederdorf\/","title":{"rendered":"Z\u00fcrich: Privatbank Rahn+Bodmer z\u00fcgelt ins Niederdorf"},"content":{"rendered":"<p><span><span><span>Bei dem Objekt handelt es sich um das Geb\u00e4ude an der M\u00fcnstergasse 2. Die Privatbank Rahn+Bodmer Co. ist derzeit noch unter der Adresse Talstrasse 15 nahe dem Paradeplatz zu finden. Der dort befindliche Geb\u00e4udekomplex mit Namen Schanzenhof (Baujahr 1926\/1927) befindet sich im Eigentum der BVK und soll in den kommenden Jahren totalsaniert werden. Mit der Planung und Umsetzung der Totalsanierung ist das Architekturb\u00fcro SPPA beauftragt worden. Das Geb\u00e4ude ist im kommunalen Inventar der sch\u00fctzenswerten Bauten verzeichnet. Die umfassende Sanierung des Komplexes ist in den Jahren 2021 bis 2023 vorgesehen. Das Beratungsunternehmen JLL vermittelte im Auftrag des Eigent\u00fcmers den neuen Mietvertrag.<\/span><\/span><\/span><\/p>","protected":false},"excerpt":{"rendered":"<p><span><span><span>Die 1750 gegr\u00fcndete und heute \u00e4lteste Schweizer Privatbank Rahn+Bodmer Co. hat rund 5.000 Quadratmeter B\u00fcrofl\u00e4che im Z\u00fcrcher Niederdorf angemietet, das Beratungsunternehmen JLL vermittelte den neuen Mietvertrag.<\/span><\/span><\/span><\/p>","protected":false},"author":25,"featured_media":0,"comment_status":"closed","ping_status":"closed","sticky":false,"template":"","format":"standard","meta":{"_acf_changed":false,"footnotes":""},"categories":[5],"tags":[7,11,40,42],"class_list":["post-973","post","type-post","status-publish","format-standard","hentry","category-ib","tag-buro","tag-in-planung","tag-vermietung","tag-zh"],"acf":[],"_links":{"self":[{"href":"https:\/\/develop.immobilienbusiness.ch\/fr\/wp-json\/wp\/v2\/posts\/973","targetHints":{"allow":["GET"]}}],"collection":[{"href":"https:\/\/develop.immobilienbusiness.ch\/fr\/wp-json\/wp\/v2\/posts"}],"about":[{"href":"https:\/\/develop.immobilienbusiness.ch\/fr\/wp-json\/wp\/v2\/types\/post"}],"author":[{"embeddable":true,"href":"https:\/\/develop.immobilienbusiness.ch\/fr\/wp-json\/wp\/v2\/users\/25"}],"replies":[{"embeddable":true,"href":"https:\/\/develop.immobilienbusiness.ch\/fr\/wp-json\/wp\/v2\/comments?post=973"}],"version-history":[{"count":0,"href":"https:\/\/develop.immobilienbusiness.ch\/fr\/wp-json\/wp\/v2\/posts\/973\/revisions"}],"wp:attachment":[{"href":"https:\/\/develop.immobilienbusiness.ch\/fr\/wp-json\/wp\/v2\/media?parent=973"}],"wp:term":[{"taxonomy":"category","embeddable":true,"href":"https:\/\/develop.immobilienbusiness.ch\/fr\/wp-json\/wp\/v2\/categories?post=973"},{"taxonomy":"post_tag","embeddable":true,"href":"https:\/\/develop.immobilienbusiness.ch\/fr\/wp-json\/wp\/v2\/tags?post=973"}],"curies":[{"name":"wp","href":"https:\/\/api.w.org\/{rel}","templated":true}]}}