{"id":967,"date":"2020-11-30T08:41:55","date_gmt":"2020-11-30T07:41:55","guid":{"rendered":"https:\/\/develop.immobilienbusiness.ch\/de\/allgemein\/2020-11-30\/varia-us-properties-schliesst-privatplatzierung-ab\/"},"modified":"2020-11-30T08:41:55","modified_gmt":"2020-11-30T07:41:55","slug":"varia-us-properties-schliesst-privatplatzierung-ab","status":"publish","type":"post","link":"https:\/\/develop.immobilienbusiness.ch\/fr\/ib\/2020-11-30\/varia-us-properties-schliesst-privatplatzierung-ab\/","title":{"rendered":"Varia US Properties schliesst Privatplatzierung ab"},"content":{"rendered":"<p><span><span><span>Die von Investoren erhaltenen Zusagen beliefen sich auf insgesamt 40,4 Millionen CHF, was der Ausgabe von 1,125 Millionen neuen Namenaktien und einer Kapitalerh\u00f6hung von derzeit rund 9 Millionen auf 10,13 Millionen entspreche, teilt die Varia US Properties AG mit.<\/span><\/span><\/span><\/p>\n<p><span><span><span>Mit den Mitteln aus der Kapitalerh\u00f6hung will das Unternehmen sein Portfolio in den USA weiter ausbauen. \u00abMit dem neuen Kapital wollen wir weitere attraktive Liegenschaften in wachstumsstarken Lagen am Stadtrand erwerben\u00bb, sp Patrick Richard, exekutives Mitglied des Verwaltungsrats.<\/span><\/span><\/span><\/p>\n<p><span><span><span>Die neuen Aktien sollen, unmittelbar nachdem die Kapitalerh\u00f6hung in das Handelsregister eingetragen wurde, prospektfrei zum Handel am Standard f\u00fcr Immobiliengesellschaften der SIX Swiss Exchange zugelassen werden. Der erste Handelstag ist f\u00fcr den 2. Dezember vorgesehen. Die K\u00e4ufer der neuen Aktien haben laut Varia einer Sperrfrist von 90 Tagen ab dem ersten Handelstag der neuen Aktien zugestimmt.<\/span><\/span><\/span><\/p>\n<p><span><span><span>Reyl &amp; Cie Ltd. fungiert als Lead Manager und Zahlstelle f\u00fcr die geplante Kapitalerh\u00f6hung; Baker McKenzie hat die Transaktion rechtlich begleitet.<\/span><\/span><\/span><\/p>","protected":false},"excerpt":{"rendered":"<p>Der Wohnimmobilieninvestor Varia US Properties hat im Rahmen einer Privatplatzierung Zusagen von \u00fcber 40 Millionen CHF erhalten.<\/p>","protected":false},"author":23,"featured_media":0,"comment_status":"closed","ping_status":"closed","sticky":false,"template":"","format":"standard","meta":{"_acf_changed":false,"footnotes":""},"categories":[5],"tags":[36,4,29],"class_list":["post-967","post","type-post","status-publish","format-standard","hentry","category-ib","tag-immobilien-ag","tag-mehrfamilienhaus-miete","tag-potentieller-kaufer"],"acf":[],"_links":{"self":[{"href":"https:\/\/develop.immobilienbusiness.ch\/fr\/wp-json\/wp\/v2\/posts\/967","targetHints":{"allow":["GET"]}}],"collection":[{"href":"https:\/\/develop.immobilienbusiness.ch\/fr\/wp-json\/wp\/v2\/posts"}],"about":[{"href":"https:\/\/develop.immobilienbusiness.ch\/fr\/wp-json\/wp\/v2\/types\/post"}],"author":[{"embeddable":true,"href":"https:\/\/develop.immobilienbusiness.ch\/fr\/wp-json\/wp\/v2\/users\/23"}],"replies":[{"embeddable":true,"href":"https:\/\/develop.immobilienbusiness.ch\/fr\/wp-json\/wp\/v2\/comments?post=967"}],"version-history":[{"count":0,"href":"https:\/\/develop.immobilienbusiness.ch\/fr\/wp-json\/wp\/v2\/posts\/967\/revisions"}],"wp:attachment":[{"href":"https:\/\/develop.immobilienbusiness.ch\/fr\/wp-json\/wp\/v2\/media?parent=967"}],"wp:term":[{"taxonomy":"category","embeddable":true,"href":"https:\/\/develop.immobilienbusiness.ch\/fr\/wp-json\/wp\/v2\/categories?post=967"},{"taxonomy":"post_tag","embeddable":true,"href":"https:\/\/develop.immobilienbusiness.ch\/fr\/wp-json\/wp\/v2\/tags?post=967"}],"curies":[{"name":"wp","href":"https:\/\/api.w.org\/{rel}","templated":true}]}}