{"id":840,"date":"2020-10-08T09:40:03","date_gmt":"2020-10-08T07:40:03","guid":{"rendered":"https:\/\/develop.immobilienbusiness.ch\/de\/allgemein\/2020-10-08\/basel-umnutzung-fur-logistikimmobilie-in-volta-nord\/"},"modified":"2020-10-08T09:40:03","modified_gmt":"2020-10-08T07:40:03","slug":"basel-umnutzung-fur-logistikimmobilie-in-volta-nord","status":"publish","type":"post","link":"https:\/\/develop.immobilienbusiness.ch\/fr\/ib\/2020-10-08\/basel-umnutzung-fur-logistikimmobilie-in-volta-nord\/","title":{"rendered":"Basel: Umnutzung f\u00fcr Logistikimmobilie in Volta Nord"},"content":{"rendered":"<p><span><span><span><span><span>Die Transformation der Liegenschaft \u2013 ein ehemaliges Coop-Verteilzentrum &#8211; wurde durch Immobilien Basel-Stadt initiiert und mit dem Hochbauamt Basel-Stadt realisiert. Die Umnutzung ist ein Projekt im Rahmen der Gesamtentwicklung Volta Nord. <\/span><\/span><\/span><\/span><\/span><\/p>\n<p><span><span><span><span><span>Die zwei Geb\u00e4ude seien in den letzten drei Jahren umgebaut und oberirdisch voneinander getrennt worden, teilt die Stadt Basel mit. Entstanden sind rund 20.000 qm Fl\u00e4che f\u00fcr kulturelle und gewerbliche Nutzungen. Es wurden B\u00fcro-, Atelier- und Gewerber\u00e4umlichkeiten eingerichtet, zudem gibt es eine Event- und eine Kletterhalle, Sporthallen, Vereinslokale, Band-Prober\u00e4ume sowie Gastro- und Lagerfl\u00e4chen. Zwischen den Bauten befindet sich mit der Esplanade ein Hof, der zum Verweilen und Begegnen einladen soll. Elys ist mit dem \u00d6V gut erreichbar und verf\u00fcgt \u00fcber ein unterirdisches Parkhaus mit gut 100 Parkpl\u00e4tzen.<\/span><\/span><\/span><\/span><\/span><\/p>\n<p><span><span><span><span><span>Beim Umbau habe man sich darauf konzentriert, bestehende Baustrukturen zu verwenden, zudem seien Baumaterialien aufbereitet und rezykliert worden. So habe man etwa 200 Fenster von unterschiedlicher Farbe und Form aus Lagerrestbest\u00e4nden eingesetzt, teilt die Stadt Basel mit. Die Fassade bestehe unter anderem aus Holz, das aus R\u00fcckbauten in Basel gewonnen wurde und aus Aluminium-Trapezblech von einem ehemaligen Getr\u00e4nkelager im Quartier. Auf dem leicht begr\u00fcnten Dach, auf dem V\u00f6gel und Insekten ein R\u00fcckzugsgebiet finden sollen, befindet sich eine 6.000 qm grosse Photovoltaikanlage. <\/span><\/span><\/span><\/span><\/span><\/p>\n<p><span><span><span><span><span>Nebst dem Kultur- und Gewerbehaus Elys, eine Wortkreation aus den Anfangsbuchstaben Els\u00e4sserstrasse und Lysb\u00fcchelstrasse, entstehen auf dem mehr als 26.000 qm grossen kantonalen Teil des Lysb\u00fcchel-Areals Genossenschaftswohnungen, preisg\u00fcnstige Wohnungen, eine Primarschule mit zwei Kinderg\u00e4rten und Tagesstruktur, neue Arbeitspl\u00e4tze, \u00f6ffentliche Gr\u00fcnfl\u00e4chen und ein Quartierplatz. Die Schule und die Kinderg\u00e4rten sollen nach den Herbstferien 2020 ihren Betrieb aufnehmen.<\/span><\/span><\/span><\/span><\/span><\/p>\n<p>\u00a0<\/p>","protected":false},"excerpt":{"rendered":"<p><span><span><span><span><span>Das ehemalige Logistikgeb\u00e4ude von Coop an der Els\u00e4sserstrasse 209\/215 im Entwicklungsgebiet Volta Nord St. Johann-Quartier in Basel ist unter dem Namen Elys zu einem Kultur- und Gewerbehaus umgenutzt worden. <\/span><\/span><\/span><\/span><\/span><\/p>","protected":false},"author":23,"featured_media":0,"comment_status":"closed","ping_status":"closed","sticky":false,"template":"","format":"standard","meta":{"_acf_changed":false,"footnotes":""},"categories":[5],"tags":[2,3,59],"class_list":["post-840","post","type-post","status-publish","format-standard","hentry","category-ib","tag-bs","tag-fertigstellung","tag-freizeitimmobilien"],"acf":[],"_links":{"self":[{"href":"https:\/\/develop.immobilienbusiness.ch\/fr\/wp-json\/wp\/v2\/posts\/840","targetHints":{"allow":["GET"]}}],"collection":[{"href":"https:\/\/develop.immobilienbusiness.ch\/fr\/wp-json\/wp\/v2\/posts"}],"about":[{"href":"https:\/\/develop.immobilienbusiness.ch\/fr\/wp-json\/wp\/v2\/types\/post"}],"author":[{"embeddable":true,"href":"https:\/\/develop.immobilienbusiness.ch\/fr\/wp-json\/wp\/v2\/users\/23"}],"replies":[{"embeddable":true,"href":"https:\/\/develop.immobilienbusiness.ch\/fr\/wp-json\/wp\/v2\/comments?post=840"}],"version-history":[{"count":0,"href":"https:\/\/develop.immobilienbusiness.ch\/fr\/wp-json\/wp\/v2\/posts\/840\/revisions"}],"wp:attachment":[{"href":"https:\/\/develop.immobilienbusiness.ch\/fr\/wp-json\/wp\/v2\/media?parent=840"}],"wp:term":[{"taxonomy":"category","embeddable":true,"href":"https:\/\/develop.immobilienbusiness.ch\/fr\/wp-json\/wp\/v2\/categories?post=840"},{"taxonomy":"post_tag","embeddable":true,"href":"https:\/\/develop.immobilienbusiness.ch\/fr\/wp-json\/wp\/v2\/tags?post=840"}],"curies":[{"name":"wp","href":"https:\/\/api.w.org\/{rel}","templated":true}]}}