{"id":834,"date":"2020-10-07T07:50:03","date_gmt":"2020-10-07T05:50:03","guid":{"rendered":"https:\/\/develop.immobilienbusiness.ch\/de\/allgemein\/2020-10-07\/pkg-pensionskasse-beruft-neuen-leiter-immobilien\/"},"modified":"2020-10-07T07:50:03","modified_gmt":"2020-10-07T05:50:03","slug":"pkg-pensionskasse-beruft-neuen-leiter-immobilien","status":"publish","type":"post","link":"https:\/\/develop.immobilienbusiness.ch\/fr\/ib\/2020-10-07\/pkg-pensionskasse-beruft-neuen-leiter-immobilien\/","title":{"rendered":"PKG Pensionskasse beruft neuen Leiter Immobilien"},"content":{"rendered":"<p><span><span><span>Hans-Urs Baumann (55) ist derzeit Mitglied der Gesch\u00e4ftsleitung der Fundamenta Group (Schweiz) AG, zuvor war er Kantonsbaumeister in Luzern und verantwortete dabei unter anderem die Leitung der Dienststelle Immobilien des Kantons. Baumann hat Architektur studiert und ein Nachdiplomstudium in Betriebswirtschaft und Management sowie einen Master in Real Estate Management der Fachhochschule Z\u00fcrich absolviert. <\/span><\/span><\/span><\/p>\n<p><span><span><span>Mit seinem Amtsantritt am 4. Januar 2021 wird er nicht nur Leiter Immobilien der Pensionskasse, sondern auch gleichzeitig Mitglied der PKG-Gesch\u00e4ftsleitung. Die Gesch\u00e4ftsleitung der PKG Pensionskasse setzt sich damit k\u00fcnftig aus dem Vorsitzenden Peter Fries, der Leiterin Vorsorge Romy Portmann, dem Leiter Finanz- und Rechnungswesen Peter Duft und Hans-Urs Baumann als Leiter Immobilien zusammen.<\/span><\/span><\/span><\/p>\n<p><span><span><span>Baumanns Vorg\u00e4nger Gerold Moser (64) geht anfangs 2021 in Pension. Er war 17 Jahre lang f\u00fcr die PKG Pensionskasse t\u00e4tig und hat in dieser Zeit ein Immobilienportfolio mit einem Volumen von 600 Millionen CHF aufgebaut.\u00a0Es besteht aus 30 Einheiten &#8211; mehrheitlich Wohnliegenschaften an guten Lagen in den Kantonen Luzern, Z\u00fcrich, Nidwalden, Aargau, Schwyz und Thurgau. Die Wohnungen sind der PKG zufolge im mittleren Preissegment angesiedelt. Eines der aktuellen Bauprojekte der PKG ist der Schweighof in Kriens, den die Pensionskasse im Miteigentum mit der Luzerner Pensionskasse h\u00e4lt. Die \u00dcberbauung wird als erste in der Zentralschweiz nach den Richtlinien der 2000-Watt-Gesellschaft gebaut und zertifiziert. <\/span><\/span><\/span><\/p>","protected":false},"excerpt":{"rendered":"<p><span><span><span>Zum Januar 2021 wird Hans-Urs Baumann, derzeit bei der Fundamenta Group t\u00e4tig, neuer Leiter Immobilien und Mitglied der Gesch\u00e4ftsleitung der PKG Pensionskasse. Er folgt auf Gerold Moser.<\/span><\/span><\/span><\/p>","protected":false},"author":23,"featured_media":0,"comment_status":"closed","ping_status":"closed","sticky":false,"template":"","format":"standard","meta":{"_acf_changed":false,"footnotes":""},"categories":[5],"tags":[45],"class_list":["post-834","post","type-post","status-publish","format-standard","hentry","category-ib","tag-asset-manager"],"acf":[],"_links":{"self":[{"href":"https:\/\/develop.immobilienbusiness.ch\/fr\/wp-json\/wp\/v2\/posts\/834","targetHints":{"allow":["GET"]}}],"collection":[{"href":"https:\/\/develop.immobilienbusiness.ch\/fr\/wp-json\/wp\/v2\/posts"}],"about":[{"href":"https:\/\/develop.immobilienbusiness.ch\/fr\/wp-json\/wp\/v2\/types\/post"}],"author":[{"embeddable":true,"href":"https:\/\/develop.immobilienbusiness.ch\/fr\/wp-json\/wp\/v2\/users\/23"}],"replies":[{"embeddable":true,"href":"https:\/\/develop.immobilienbusiness.ch\/fr\/wp-json\/wp\/v2\/comments?post=834"}],"version-history":[{"count":0,"href":"https:\/\/develop.immobilienbusiness.ch\/fr\/wp-json\/wp\/v2\/posts\/834\/revisions"}],"wp:attachment":[{"href":"https:\/\/develop.immobilienbusiness.ch\/fr\/wp-json\/wp\/v2\/media?parent=834"}],"wp:term":[{"taxonomy":"category","embeddable":true,"href":"https:\/\/develop.immobilienbusiness.ch\/fr\/wp-json\/wp\/v2\/categories?post=834"},{"taxonomy":"post_tag","embeddable":true,"href":"https:\/\/develop.immobilienbusiness.ch\/fr\/wp-json\/wp\/v2\/tags?post=834"}],"curies":[{"name":"wp","href":"https:\/\/api.w.org\/{rel}","templated":true}]}}