{"id":720,"date":"2020-08-21T08:56:34","date_gmt":"2020-08-21T06:56:34","guid":{"rendered":"https:\/\/develop.immobilienbusiness.ch\/de\/allgemein\/2020-08-21\/biel-nidau-agglolac-planung-nimmt-weitere-hurde\/"},"modified":"2020-08-21T08:56:34","modified_gmt":"2020-08-21T06:56:34","slug":"biel-nidau-agglolac-planung-nimmt-weitere-hurde","status":"publish","type":"post","link":"https:\/\/develop.immobilienbusiness.ch\/fr\/ib\/2020-08-21\/biel-nidau-agglolac-planung-nimmt-weitere-hurde\/","title":{"rendered":"Biel\/Nidau: Agglolac-Planung nimmt weitere H\u00fcrde"},"content":{"rendered":"<p>Die St\u00e4dte Nidau und Biel sowie die Immobiliengesellschaft Mobimo verfolgen seit 2012 Pl\u00e4ne f\u00fcr eine Stadterweiterung an den See. Auf dem ehemaligen Expo-Gel\u00e4nde, zwischen der Bielerseebucht und dem Schloss Nidau, soll ein neues Quartier entstehen.\u00a0Allerdings regte sich in der Bev\u00f6lkerung heftiger Widerstand gegen das Grossprojekt, insbesondere gegen das geplante Hochhaus.<\/p>\n<p>Im Rahmen der Vorpr\u00fcfung haben die kantonalen Beh\u00f6rden nun festgehalten, unter welchen Voraussetzungen das Projekt am See realisierbar ist. Daraufhin hat die Projektgesellschaft einige Anpassungen vorgenommen: Demnach wird die maximal zul\u00e4ssige H\u00f6he des Hochhauses von 70 auf 48 Meter gesenkt. Zudem werden der Standort und die H\u00f6he einiger Geb\u00e4ude leicht ge\u00e4ndert, wodurch die Nutzungsdichte im Agglolac-Gebiet leicht reduziert wird.<\/p>\n<p>Nun arbeite man an L\u00f6sungen, welche die Wirtschaftlichkeit des Projekts f\u00fcr Mobimo, Biel und Niedau unter den neuen Rahmenbedingungen sicherstellen, heisst es in einem Communiqu\u00e9 der Gemeinde Nidau.<\/p>\n<p>Nach den Sommerferien soll die baurechtliche Grundordnung \u00f6ffentlich aufgelegt werden. Die Volksabstimmung \u00fcber das Projekt soll im Mai 2020 stattfinden.<\/p>","protected":false},"excerpt":{"rendered":"<p>Die Planung f\u00fcr das Projekt Agglolac der Mobimo am Bieler See ist einen Schritt weiter. Nachdem die Vorpr\u00fcfung durch den Kanton beendet ist, wird die baurechtliche Grundordnung \u00f6ffentlich aufgelegt.<\/p>","protected":false},"author":23,"featured_media":0,"comment_status":"closed","ping_status":"closed","sticky":false,"template":"","format":"standard","meta":{"_acf_changed":false,"footnotes":""},"categories":[5],"tags":[25,11],"class_list":["post-720","post","type-post","status-publish","format-standard","hentry","category-ib","tag-be","tag-in-planung"],"acf":[],"_links":{"self":[{"href":"https:\/\/develop.immobilienbusiness.ch\/fr\/wp-json\/wp\/v2\/posts\/720","targetHints":{"allow":["GET"]}}],"collection":[{"href":"https:\/\/develop.immobilienbusiness.ch\/fr\/wp-json\/wp\/v2\/posts"}],"about":[{"href":"https:\/\/develop.immobilienbusiness.ch\/fr\/wp-json\/wp\/v2\/types\/post"}],"author":[{"embeddable":true,"href":"https:\/\/develop.immobilienbusiness.ch\/fr\/wp-json\/wp\/v2\/users\/23"}],"replies":[{"embeddable":true,"href":"https:\/\/develop.immobilienbusiness.ch\/fr\/wp-json\/wp\/v2\/comments?post=720"}],"version-history":[{"count":0,"href":"https:\/\/develop.immobilienbusiness.ch\/fr\/wp-json\/wp\/v2\/posts\/720\/revisions"}],"wp:attachment":[{"href":"https:\/\/develop.immobilienbusiness.ch\/fr\/wp-json\/wp\/v2\/media?parent=720"}],"wp:term":[{"taxonomy":"category","embeddable":true,"href":"https:\/\/develop.immobilienbusiness.ch\/fr\/wp-json\/wp\/v2\/categories?post=720"},{"taxonomy":"post_tag","embeddable":true,"href":"https:\/\/develop.immobilienbusiness.ch\/fr\/wp-json\/wp\/v2\/tags?post=720"}],"curies":[{"name":"wp","href":"https:\/\/api.w.org\/{rel}","templated":true}]}}