{"id":697,"date":"2020-08-14T09:13:00","date_gmt":"2020-08-14T07:13:00","guid":{"rendered":"https:\/\/develop.immobilienbusiness.ch\/de\/allgemein\/2020-08-14\/hotels-berge-beliebt-stadte-leer\/"},"modified":"2020-08-14T09:13:00","modified_gmt":"2020-08-14T07:13:00","slug":"hotels-berge-beliebt-stadte-leer","status":"publish","type":"post","link":"https:\/\/develop.immobilienbusiness.ch\/fr\/ib\/2020-08-14\/hotels-berge-beliebt-stadte-leer\/","title":{"rendered":"Hotels: Berge beliebt, St\u00e4dte leer"},"content":{"rendered":"<p><span><span><span>Laut Schweiz Tourismus (ST) melden die Bergdestinationen im ganzen Land einen Ansturm von Schweizer G\u00e4sten in den Monaten Juni bis August. Die Hotellogiern\u00e4chte legten um 37% zu, das entspricht rund einer Million \u00dcbernachtungen mehr als im Vorjahreszeitraum. Das Plus sei stark beeinflusst von den traditionell bei Einheimischen beliebten Bergferienorten. Dagegen halte sich die ausl\u00e4ndische Nachfrage in engen Grenzen. Die lokalen Tourismusakteure erwarten einen R\u00fcckgang von mindestens 44% im Vergleich zum Vorjahr, also 1,3 Millionen ausl\u00e4ndische Hoteln\u00e4chte weniger, so ST. Da auch die zus\u00e4tzlichen Schweizer G\u00e4ste dieses Minus nicht kompensieren k\u00f6nnten, sei f\u00fcr die Sommerferien-Saison auch in den Bergen insgesamt ein Minus von \u00fcber 5% im Vergleich zum Vorjahr zu erwarten. <\/span><\/span><\/span><\/p>\n<p><span><span><span>Erheblich mehr als die Bergdestinationen sind die Schweizer St\u00e4dte von den Folgen der Corona-Pandemie betroffen: Touristen aus \u00dcbersee mit ihrer Pr\u00e4ferenz von Stadt-Aufenthalten fehlten weiterhin, auch der Gesch\u00e4fts- und Kongresstourismus falle ebenfalls nach wie vor gr\u00f6sstenteils aus. Von ausl\u00e4ndischen G\u00e4sten fehlten in den Sommerferien-Monaten \u00fcber 2,5 Millionen Hotellogiern\u00e4chte, ein Minus von 63 %. Einige mittelgrosse St\u00e4dte h\u00e4tten dagegen mehr Schweizer G\u00e4ste diesen Sommer verzeichnet als im Vorjahr. <\/span><\/span><\/span><\/p>\n<p><span><span><span>Nach aktuellem Stand fehlen dem Schweizer Tourismus in der Stadt und am Berg im Zeitraum von Juni bis August gesamthaft 3,2 Millionen Hotel\u00fcbernachtungen, das sind im Vergleich zum Vorjahr 27% weniger. Auch f\u00fcr den Herbst sind die Aussichten eher mager: Die Tourismusorganisationen und -anbieter seien landesweit sehr besorgt und zur\u00fcckhaltend, schreibt ST. Die aktuelle Buchungslage sei sehr schwach und die Sorge vor weiteren grossen R\u00fcckg\u00e4ngen weit verbreitet.<\/span><\/span><\/span><\/p>\n<p><span><span><span>Die Ergebnisse stammen aus einer landesweiten Branchenumfrage bei Tourismusdestinationen, Sehensw\u00fcrdigkeiten und grossen Bergbahnen, die ST vor kurzem durchgef\u00fchrt hat.<\/span><\/span><\/span><\/p>\n<p>\u00a0<\/p>","protected":false},"excerpt":{"rendered":"<p><span><span><span>Schweiz Tourismus zeichnet in einer Zwischenbilanz zum Sommer 2020 ein gemischtes Bild: W\u00e4hrend die Bergregionen vor allem bei Einheimischen sehr beliebt waren, leiden die Stadthotels stark unter dem wegbleibenden \u00dcbersee- und Gesch\u00e4ftstourismus.<\/span><\/span><\/span><\/p>","protected":false},"author":23,"featured_media":0,"comment_status":"closed","ping_status":"closed","sticky":false,"template":"","format":"standard","meta":{"_acf_changed":false,"footnotes":""},"categories":[5],"tags":[70],"class_list":["post-697","post","type-post","status-publish","format-standard","hentry","category-ib","tag-studie-hotel"],"acf":[],"_links":{"self":[{"href":"https:\/\/develop.immobilienbusiness.ch\/fr\/wp-json\/wp\/v2\/posts\/697","targetHints":{"allow":["GET"]}}],"collection":[{"href":"https:\/\/develop.immobilienbusiness.ch\/fr\/wp-json\/wp\/v2\/posts"}],"about":[{"href":"https:\/\/develop.immobilienbusiness.ch\/fr\/wp-json\/wp\/v2\/types\/post"}],"author":[{"embeddable":true,"href":"https:\/\/develop.immobilienbusiness.ch\/fr\/wp-json\/wp\/v2\/users\/23"}],"replies":[{"embeddable":true,"href":"https:\/\/develop.immobilienbusiness.ch\/fr\/wp-json\/wp\/v2\/comments?post=697"}],"version-history":[{"count":0,"href":"https:\/\/develop.immobilienbusiness.ch\/fr\/wp-json\/wp\/v2\/posts\/697\/revisions"}],"wp:attachment":[{"href":"https:\/\/develop.immobilienbusiness.ch\/fr\/wp-json\/wp\/v2\/media?parent=697"}],"wp:term":[{"taxonomy":"category","embeddable":true,"href":"https:\/\/develop.immobilienbusiness.ch\/fr\/wp-json\/wp\/v2\/categories?post=697"},{"taxonomy":"post_tag","embeddable":true,"href":"https:\/\/develop.immobilienbusiness.ch\/fr\/wp-json\/wp\/v2\/tags?post=697"}],"curies":[{"name":"wp","href":"https:\/\/api.w.org\/{rel}","templated":true}]}}