{"id":686,"date":"2020-08-12T20:50:29","date_gmt":"2020-08-12T18:50:29","guid":{"rendered":"https:\/\/develop.immobilienbusiness.ch\/de\/allgemein\/2020-08-12\/zug-grunes-licht-fur-wohnprojekt-der-alfred-muller-ag\/"},"modified":"2020-08-12T20:50:29","modified_gmt":"2020-08-12T18:50:29","slug":"zug-grunes-licht-fur-wohnprojekt-der-alfred-muller-ag","status":"publish","type":"post","link":"https:\/\/develop.immobilienbusiness.ch\/fr\/ib\/2020-08-12\/zug-grunes-licht-fur-wohnprojekt-der-alfred-muller-ag\/","title":{"rendered":"Zug: Gr\u00fcnes Licht f\u00fcr Wohnprojekt der Alfred M\u00fcller AG"},"content":{"rendered":"<p lang=\"DE-DE\" xml:lang=\"DE-DE\">Das\u00a0Salesianum\u00a0ist ein historisches Landhaus\u00a0im Zuger Ortsteil St. Karl am Ufer des Zugersees. Seit 2011 geh\u00f6rt das denkmalgesch\u00fctzte Anwesen der Alfred M\u00fcller AG. Das Immobilienunternehmen will dort Eigentumswohnungen im Baurecht erstellen, jedoch hat eine Beschwerde der Anwohner die Realisierung\u00a0zun\u00e4chst\u00a0verhindert. \u00a0\u00a0<\/p>\n<p lang=\"DE-DE\" xml:lang=\"DE-DE\">Anfang Juli 2020 hat das\u00a0Bundesgericht die Beschwerde vollumf\u00e4nglich abgewiesen, und damit erlangt nun auch der Bebauungsplan\u00a0Recktskraft. \u00abWir sind erleichtert \u00fcber dieses Urteil\u00bb, sagt Thomas Odermatt, Gesch\u00e4ftsleiter der Baurechtsgeberin Schwestern vom Heiligen Kreuz. Christoph M\u00fcller, Pr\u00e4sident des Verwaltungsrates der Alfred M\u00fcller AG, k\u00fcndigt an, dass die Planung des Projektes nun fortgesetzt werde.<\/p>","protected":false},"excerpt":{"rendered":"<p>Der Bebauungsplan f\u00fcr das Areal des\u00a0Salesianums\u00a0in der Stadt Zug ist rechtskr\u00e4ftig. Damit kann die Alfred M\u00fcller AG auf dem Areal wie geplant ein Wohnprojekt realisieren.\u00a0<\/p>","protected":false},"author":23,"featured_media":0,"comment_status":"closed","ping_status":"closed","sticky":false,"template":"","format":"standard","meta":{"_acf_changed":false,"footnotes":""},"categories":[5],"tags":[11,14,20],"class_list":["post-686","post","type-post","status-publish","format-standard","hentry","category-ib","tag-in-planung","tag-mfh-stockwerkeigentum","tag-zg"],"acf":[],"_links":{"self":[{"href":"https:\/\/develop.immobilienbusiness.ch\/fr\/wp-json\/wp\/v2\/posts\/686","targetHints":{"allow":["GET"]}}],"collection":[{"href":"https:\/\/develop.immobilienbusiness.ch\/fr\/wp-json\/wp\/v2\/posts"}],"about":[{"href":"https:\/\/develop.immobilienbusiness.ch\/fr\/wp-json\/wp\/v2\/types\/post"}],"author":[{"embeddable":true,"href":"https:\/\/develop.immobilienbusiness.ch\/fr\/wp-json\/wp\/v2\/users\/23"}],"replies":[{"embeddable":true,"href":"https:\/\/develop.immobilienbusiness.ch\/fr\/wp-json\/wp\/v2\/comments?post=686"}],"version-history":[{"count":0,"href":"https:\/\/develop.immobilienbusiness.ch\/fr\/wp-json\/wp\/v2\/posts\/686\/revisions"}],"wp:attachment":[{"href":"https:\/\/develop.immobilienbusiness.ch\/fr\/wp-json\/wp\/v2\/media?parent=686"}],"wp:term":[{"taxonomy":"category","embeddable":true,"href":"https:\/\/develop.immobilienbusiness.ch\/fr\/wp-json\/wp\/v2\/categories?post=686"},{"taxonomy":"post_tag","embeddable":true,"href":"https:\/\/develop.immobilienbusiness.ch\/fr\/wp-json\/wp\/v2\/tags?post=686"}],"curies":[{"name":"wp","href":"https:\/\/api.w.org\/{rel}","templated":true}]}}