{"id":597,"date":"2020-07-30T09:42:10","date_gmt":"2020-07-30T07:42:10","guid":{"rendered":"https:\/\/develop.immobilienbusiness.ch\/de\/allgemein\/2020-07-30\/zurich-sps-projekt-yond-zu-80-vermietet\/"},"modified":"2020-07-30T09:42:10","modified_gmt":"2020-07-30T07:42:10","slug":"zurich-sps-projekt-yond-zu-80-vermietet","status":"publish","type":"post","link":"https:\/\/develop.immobilienbusiness.ch\/fr\/ib\/2020-07-30\/zurich-sps-projekt-yond-zu-80-vermietet\/","title":{"rendered":"Z\u00fcrich: SPS-Projekt Yond zu 80% vermietet"},"content":{"rendered":"<p>Der Grundstein f\u00fcr Yond wurde Ende 2017 gelegt, im Herbst dieses Jahres soll die Immobilie bezugsbereit. Laut einer Mitteilung von Swiss Prime Site sind von den insgesamt rund 18.500 qm per Mitte Juni 80 Prozent bzw. rund 14.000 qm vermietet. F\u00fcr die verbleibenden Fl\u00e4chen befinde man sich \u00abin regem Austausch mit weiteren m\u00f6glichen Mietern\u00bb.<\/p>\n<p>Zu den ersten Ankermietern z\u00e4hlen den Angaben zufolge Dienstleistungsunternehmen, doch auch Produktionsbetriebe, Gastronomieunternehmen und Detailh\u00e4ndler werden sich im Yond ansiedeln. Die Immobilie umfasst nutzungsunabh\u00e4ngige R\u00e4ume mit verschiedenen Innengestaltungskonzepten, mit denen man den wechselnden Fl\u00e4chenbed\u00fcrfnissen der Mieter m\u00f6glichst entsprechen will.<\/p>\n<p>Das Investitionsvolumen f\u00fcr das Projekt wird auf 91 Millionen CHF (inklusive Land) beziffert, Swiss Prime Site erwartet einen j\u00e4hrlichen Mietertrag von 4,8 Millionen.<\/p>","protected":false},"excerpt":{"rendered":"<p>Swiss Prime Site meldet f\u00fcr das Projekt Yond in Z\u00fcrich einen Vermietungsstand von 80 Prozent.<\/p>","protected":false},"author":24,"featured_media":0,"comment_status":"closed","ping_status":"closed","sticky":false,"template":"","format":"standard","meta":{"_acf_changed":false,"footnotes":""},"categories":[5],"tags":[7,19,42],"class_list":["post-597","post","type-post","status-publish","format-standard","hentry","category-ib","tag-buro","tag-in-bau","tag-zh"],"acf":[],"_links":{"self":[{"href":"https:\/\/develop.immobilienbusiness.ch\/fr\/wp-json\/wp\/v2\/posts\/597","targetHints":{"allow":["GET"]}}],"collection":[{"href":"https:\/\/develop.immobilienbusiness.ch\/fr\/wp-json\/wp\/v2\/posts"}],"about":[{"href":"https:\/\/develop.immobilienbusiness.ch\/fr\/wp-json\/wp\/v2\/types\/post"}],"author":[{"embeddable":true,"href":"https:\/\/develop.immobilienbusiness.ch\/fr\/wp-json\/wp\/v2\/users\/24"}],"replies":[{"embeddable":true,"href":"https:\/\/develop.immobilienbusiness.ch\/fr\/wp-json\/wp\/v2\/comments?post=597"}],"version-history":[{"count":0,"href":"https:\/\/develop.immobilienbusiness.ch\/fr\/wp-json\/wp\/v2\/posts\/597\/revisions"}],"wp:attachment":[{"href":"https:\/\/develop.immobilienbusiness.ch\/fr\/wp-json\/wp\/v2\/media?parent=597"}],"wp:term":[{"taxonomy":"category","embeddable":true,"href":"https:\/\/develop.immobilienbusiness.ch\/fr\/wp-json\/wp\/v2\/categories?post=597"},{"taxonomy":"post_tag","embeddable":true,"href":"https:\/\/develop.immobilienbusiness.ch\/fr\/wp-json\/wp\/v2\/tags?post=597"}],"curies":[{"name":"wp","href":"https:\/\/api.w.org\/{rel}","templated":true}]}}