{"id":595,"date":"2020-07-30T09:16:52","date_gmt":"2020-07-30T07:16:52","guid":{"rendered":"https:\/\/develop.immobilienbusiness.ch\/de\/allgemein\/2020-07-30\/retail-orsay-schliesst-offenbar-schweizer-filialen\/"},"modified":"2020-07-30T09:16:52","modified_gmt":"2020-07-30T07:16:52","slug":"retail-orsay-schliesst-offenbar-schweizer-filialen","status":"publish","type":"post","link":"https:\/\/develop.immobilienbusiness.ch\/fr\/ib\/2020-07-30\/retail-orsay-schliesst-offenbar-schweizer-filialen\/","title":{"rendered":"Retail: Orsay schliesst offenbar Schweizer Filialen"},"content":{"rendered":"<p><span><span><span>Laut verschiedenen Medienberichten zieht sich das Modeunternehmen Orsay, das zur Unternehmensgruppe Mulliez mit Sitz im baden-w\u00fcrttembergischen Willst\u00e4tt geh\u00f6rt, aus der Schweiz zur\u00fcck. Ein Sprecher der Gewerkschaft Unia best\u00e4tigte eine Meldung von <em>20 Minutes<\/em>, das Unternehmen selbst \u00e4ussert sich bislang jedoch nicht. <\/span><\/span><\/span><\/p>\n<p><span><span><span>Orsay ist nach Angaben auf der Firmenwebsite in der Schweiz mit Stores an der Freie Strasse 9 in Basel, der Badstrasse 26 in Baden, an der Marktgasse 59 in Winterthur und in der St. Galler Multergasse sowie im Churer Einkaufszentrum City West vertreten. Weitere Filialen gibt es an der Weggisgasse 16-18 in Luzern, der Waaghausgasse 1 in Bern sowie an der Rue Pierre-\u00e0-Mazel in Neuenburg. In Crissier ist Orsay an der Adresse Chemin de Closalet 7 vertreten, in Eclubens am Chemin du Croset 3 und in Prilly an der Route de Cossonay 28.<\/span><\/span><\/span><\/p>","protected":false},"excerpt":{"rendered":"<p><span><span><span>Die Modekette Orsay gibt laut Medienberichten ihre elf Filialen in der Schweiz auf. <\/span><\/span><\/span><\/p>","protected":false},"author":23,"featured_media":0,"comment_status":"closed","ping_status":"closed","sticky":false,"template":"","format":"standard","meta":{"_acf_changed":false,"footnotes":""},"categories":[5],"tags":[16,17],"class_list":["post-595","post","type-post","status-publish","format-standard","hentry","category-ib","tag-retail","tag-verfugbare-flache"],"acf":[],"_links":{"self":[{"href":"https:\/\/develop.immobilienbusiness.ch\/fr\/wp-json\/wp\/v2\/posts\/595","targetHints":{"allow":["GET"]}}],"collection":[{"href":"https:\/\/develop.immobilienbusiness.ch\/fr\/wp-json\/wp\/v2\/posts"}],"about":[{"href":"https:\/\/develop.immobilienbusiness.ch\/fr\/wp-json\/wp\/v2\/types\/post"}],"author":[{"embeddable":true,"href":"https:\/\/develop.immobilienbusiness.ch\/fr\/wp-json\/wp\/v2\/users\/23"}],"replies":[{"embeddable":true,"href":"https:\/\/develop.immobilienbusiness.ch\/fr\/wp-json\/wp\/v2\/comments?post=595"}],"version-history":[{"count":0,"href":"https:\/\/develop.immobilienbusiness.ch\/fr\/wp-json\/wp\/v2\/posts\/595\/revisions"}],"wp:attachment":[{"href":"https:\/\/develop.immobilienbusiness.ch\/fr\/wp-json\/wp\/v2\/media?parent=595"}],"wp:term":[{"taxonomy":"category","embeddable":true,"href":"https:\/\/develop.immobilienbusiness.ch\/fr\/wp-json\/wp\/v2\/categories?post=595"},{"taxonomy":"post_tag","embeddable":true,"href":"https:\/\/develop.immobilienbusiness.ch\/fr\/wp-json\/wp\/v2\/tags?post=595"}],"curies":[{"name":"wp","href":"https:\/\/api.w.org\/{rel}","templated":true}]}}