{"id":5549,"date":"2023-07-10T09:45:53","date_gmt":"2023-07-10T07:45:53","guid":{"rendered":"https:\/\/develop.immobilienbusiness.ch\/?p=5549"},"modified":"2023-07-10T09:45:53","modified_gmt":"2023-07-10T07:45:53","slug":"embrach-zh-migros-baut-um-und-eroeffnet-mit-zusaetzlichem-mieter","status":"publish","type":"post","link":"https:\/\/develop.immobilienbusiness.ch\/fr\/ib\/2023-07-10\/embrach-zh-migros-baut-um-und-eroeffnet-mit-zusaetzlichem-mieter\/","title":{"rendered":"Embrach (ZH): Migros baut um und er\u00f6ffnet mit zus\u00e4tzlichem Mieter"},"content":{"rendered":"<p>Dieser Tage er\u00f6ffnet in Embrach (ZH) eine neue Behelfs-Filiale des Formats Migros Teo auf 50 qm. Der Migros-Supermarkt, die Drogerie Embrach und der K Kiosk werden nun umgebaut und sind f\u00fcr die Zeit der Modernisierung geschlossen. Neuer\u00f6ffnung in Embrach wird am 14. September sein. Als neuer Mieter an der <span class=\"LrzXr\">B\u00fclacherstrasse <\/span>wird dann die B\u00e4ckerei Limmatbeck zus\u00e4tzlich zum bestehenden Angebot ihr T\u00fcren \u00f6ffnen. <i>(aw)<\/i><\/p>","protected":false},"excerpt":{"rendered":"<p>In Embrach (ZH) baut Migros sein kleines Einkaufszentrum um <\/p>","protected":false},"author":28,"featured_media":0,"comment_status":"closed","ping_status":"closed","sticky":false,"template":"","format":"standard","meta":{"_acf_changed":false,"footnotes":""},"categories":[5],"tags":[263,159,252,16,409,40],"class_list":["post-5549","post","type-post","status-publish","format-standard","hentry","category-ib","tag-eroeffnung","tag-migros","tag-modernisierung","tag-retail","tag-teo","tag-vermietung"],"acf":[],"_links":{"self":[{"href":"https:\/\/develop.immobilienbusiness.ch\/fr\/wp-json\/wp\/v2\/posts\/5549","targetHints":{"allow":["GET"]}}],"collection":[{"href":"https:\/\/develop.immobilienbusiness.ch\/fr\/wp-json\/wp\/v2\/posts"}],"about":[{"href":"https:\/\/develop.immobilienbusiness.ch\/fr\/wp-json\/wp\/v2\/types\/post"}],"author":[{"embeddable":true,"href":"https:\/\/develop.immobilienbusiness.ch\/fr\/wp-json\/wp\/v2\/users\/28"}],"replies":[{"embeddable":true,"href":"https:\/\/develop.immobilienbusiness.ch\/fr\/wp-json\/wp\/v2\/comments?post=5549"}],"version-history":[{"count":1,"href":"https:\/\/develop.immobilienbusiness.ch\/fr\/wp-json\/wp\/v2\/posts\/5549\/revisions"}],"predecessor-version":[{"id":5550,"href":"https:\/\/develop.immobilienbusiness.ch\/fr\/wp-json\/wp\/v2\/posts\/5549\/revisions\/5550"}],"wp:attachment":[{"href":"https:\/\/develop.immobilienbusiness.ch\/fr\/wp-json\/wp\/v2\/media?parent=5549"}],"wp:term":[{"taxonomy":"category","embeddable":true,"href":"https:\/\/develop.immobilienbusiness.ch\/fr\/wp-json\/wp\/v2\/categories?post=5549"},{"taxonomy":"post_tag","embeddable":true,"href":"https:\/\/develop.immobilienbusiness.ch\/fr\/wp-json\/wp\/v2\/tags?post=5549"}],"curies":[{"name":"wp","href":"https:\/\/api.w.org\/{rel}","templated":true}]}}