{"id":547,"date":"2020-07-15T13:09:07","date_gmt":"2020-07-15T11:09:07","guid":{"rendered":"https:\/\/develop.immobilienbusiness.ch\/de\/allgemein\/2020-07-15\/bern-monbijoupark-soll-aufgewertet-werden\/"},"modified":"2020-07-15T13:09:07","modified_gmt":"2020-07-15T11:09:07","slug":"bern-monbijoupark-soll-aufgewertet-werden","status":"publish","type":"post","link":"https:\/\/develop.immobilienbusiness.ch\/fr\/ib\/2020-07-15\/bern-monbijoupark-soll-aufgewertet-werden\/","title":{"rendered":"Bern: Monbijoupark soll aufgewertet werden"},"content":{"rendered":"<p>Der Monbijoupark gilt als einer der sch\u00f6nsten Berner Stadtparks und ist im Stadtteil III und f\u00fcr das Gebiet Mattenhof-Monbijou-Sulgenbach ein wichtiger Treffpunkt und Erholungsraum. Da in den vergangenen 30 Jahren nur punktuelle Instandsetzungen vorgenommen wurden, m\u00fcssen nun Wege, Pl\u00e4tze, Mauern und Kanalisationen sowie teilweise auch Bepflanzungen erneuert werden, heisst es bei der Stadt Bern. Auch der Spielbereich sei nicht mehr zeitgem\u00e4ss und solle zu einem Stadtteilspielplatz ausgebaut werden, auf dem Kinder mit und ohne Behinderung spielen k\u00f6nnen. Er sei der einzige grosse Spielplatz im Umkreis und f\u00fcr die Innenstadt ein wichtiger Freiraum.<\/p>\n<p>Die Instandsetzung des heute \u00f6ffentlich zug\u00e4nglichen Bereichs und die Aufwertung des Spielplatzes sollen in den Jahren 2021\/22 umgesetzt werden. Ein Fokus liege dabei auf der Wiederherstellung historischer R\u00e4ume, etwa dem Parkteil aus den 1950er-Jahren mit den Aufenthaltspl\u00e4tzen sowie dem \u00f6ffentlich zug\u00e4nglichen Parkteil der Villa Clairmont aus dem sp\u00e4ten 19. Jahrhundert, so der Gemeinderat. Die Parkanlage solle f\u00fcr alle Bev\u00f6lkerungs- und Altersgruppen attraktiv bleiben und hindernisfrei gestaltet werden.<\/p>\n<p>F\u00fcr diese erste Bauetappe beantragt der Gemeinderat dem Stadtraten ein Kredit von 3 Millionen CHF. Denkbar sei jedoch, den geplanten Pavillon mit \u00f6ffentlicher WC-Anlage auf die zweite Etappe zu verschieben, was zu einer Kostenreduktion um rund 300.000 CHF f\u00fchren w\u00fcrde. Die Kosten f\u00fcr die zweite Etappe sollen bei rund 360.000 CHF (ohne Pavillon und WC-Anlage) liegen.<\/p>\n<p>In der zweiten Bauetappe ab 2025 soll auch der Bereich, auf dem sich heute der St\u00fctzpunkt des Unterhaltskreises Innenstadt von Stadtgr\u00fcn Bern befindet, dem Park zugeschlagen werden. Der St\u00fctzpunkt soll voraussichtlich 2025\/2026 verlegt werden, weil die Bauten den betrieblichen und technischen Anforderungen nicht entsprechen.<\/p>","protected":false},"excerpt":{"rendered":"<p>Der Monbijoupark im Berner Stadtteil III wird in zwei Etappen instandgesetzt. Die Arbeiten der ersten Etappe sollen rund 3 Millionen CHF kosten.<\/p>","protected":false},"author":23,"featured_media":0,"comment_status":"closed","ping_status":"closed","sticky":false,"template":"","format":"standard","meta":{"_acf_changed":false,"footnotes":""},"categories":[5],"tags":[25,11],"class_list":["post-547","post","type-post","status-publish","format-standard","hentry","category-ib","tag-be","tag-in-planung"],"acf":[],"_links":{"self":[{"href":"https:\/\/develop.immobilienbusiness.ch\/fr\/wp-json\/wp\/v2\/posts\/547","targetHints":{"allow":["GET"]}}],"collection":[{"href":"https:\/\/develop.immobilienbusiness.ch\/fr\/wp-json\/wp\/v2\/posts"}],"about":[{"href":"https:\/\/develop.immobilienbusiness.ch\/fr\/wp-json\/wp\/v2\/types\/post"}],"author":[{"embeddable":true,"href":"https:\/\/develop.immobilienbusiness.ch\/fr\/wp-json\/wp\/v2\/users\/23"}],"replies":[{"embeddable":true,"href":"https:\/\/develop.immobilienbusiness.ch\/fr\/wp-json\/wp\/v2\/comments?post=547"}],"version-history":[{"count":0,"href":"https:\/\/develop.immobilienbusiness.ch\/fr\/wp-json\/wp\/v2\/posts\/547\/revisions"}],"wp:attachment":[{"href":"https:\/\/develop.immobilienbusiness.ch\/fr\/wp-json\/wp\/v2\/media?parent=547"}],"wp:term":[{"taxonomy":"category","embeddable":true,"href":"https:\/\/develop.immobilienbusiness.ch\/fr\/wp-json\/wp\/v2\/categories?post=547"},{"taxonomy":"post_tag","embeddable":true,"href":"https:\/\/develop.immobilienbusiness.ch\/fr\/wp-json\/wp\/v2\/tags?post=547"}],"curies":[{"name":"wp","href":"https:\/\/api.w.org\/{rel}","templated":true}]}}