{"id":5404,"date":"2023-06-20T08:18:08","date_gmt":"2023-06-20T06:18:08","guid":{"rendered":"https:\/\/develop.immobilienbusiness.ch\/?p=5404"},"modified":"2023-06-20T08:18:08","modified_gmt":"2023-06-20T06:18:08","slug":"dielsdorf-zh-erste-wohnungen-auf-schaeferareal-fertiggestellt","status":"publish","type":"post","link":"https:\/\/develop.immobilienbusiness.ch\/fr\/ib\/2023-06-20\/dielsdorf-zh-erste-wohnungen-auf-schaeferareal-fertiggestellt\/","title":{"rendered":"Dielsdorf (ZH): Erste Wohnungen auf Sch\u00e4ferareal fertiggestellt"},"content":{"rendered":"<p>In Dielsdorf (ZH) entstehen 150 Neubauwohnungen auf dem sogenannten Sch\u00e4fer-Areal. Bauherr der drei Mehrfamilienh\u00e4user in der Geerenstrasse 1 und 9 sowie im Buckweg 2 ist die Eugen Sch\u00e4fer AG. Der Baubeginn erfolgte 2020. Laut \u00abZuonline.ch\u00bb sind nun die ersten Wohnungen bezogen worden. Nach Angaben des Bauherrn wird auf den D\u00e4chern Photovoltaik mit einer Fl\u00e4che von insgesamt 1.000 qm realisiert. <i>(aw)<\/i><\/p>","protected":false},"excerpt":{"rendered":"<p>In Dielsdorf (ZH) entstehen 150 Neubauwohnungen auf dem sogenannten Sch\u00e4fer-Areal. Bauherr der drei Mehrfamilienh\u00e4user in der Geerenstrasse 1 und 9 sowie im Buckweg 2 ist die Eugen Sch\u00e4fer AG. Der Baubeginn erfolgte 2020. Laut \u00abZuonline.ch\u00bb sind nun die ersten Wohnungen bezogen worden. Nach Angaben des Bauherrn wird auf den D\u00e4chern Photovoltaik mit einer Fl\u00e4che von [&hellip;]<\/p>","protected":false},"author":28,"featured_media":0,"comment_status":"closed","ping_status":"closed","sticky":false,"template":"","format":"standard","meta":{"_acf_changed":false,"footnotes":""},"categories":[5],"tags":[1118,1119,332,216,42],"class_list":["post-5404","post","type-post","status-publish","format-standard","hentry","category-ib","tag-dielsdorf","tag-eugen-schaefer-ag","tag-mehrfamilienhaeuser","tag-projekt-in-bau","tag-zh"],"acf":[],"_links":{"self":[{"href":"https:\/\/develop.immobilienbusiness.ch\/fr\/wp-json\/wp\/v2\/posts\/5404","targetHints":{"allow":["GET"]}}],"collection":[{"href":"https:\/\/develop.immobilienbusiness.ch\/fr\/wp-json\/wp\/v2\/posts"}],"about":[{"href":"https:\/\/develop.immobilienbusiness.ch\/fr\/wp-json\/wp\/v2\/types\/post"}],"author":[{"embeddable":true,"href":"https:\/\/develop.immobilienbusiness.ch\/fr\/wp-json\/wp\/v2\/users\/28"}],"replies":[{"embeddable":true,"href":"https:\/\/develop.immobilienbusiness.ch\/fr\/wp-json\/wp\/v2\/comments?post=5404"}],"version-history":[{"count":1,"href":"https:\/\/develop.immobilienbusiness.ch\/fr\/wp-json\/wp\/v2\/posts\/5404\/revisions"}],"predecessor-version":[{"id":5405,"href":"https:\/\/develop.immobilienbusiness.ch\/fr\/wp-json\/wp\/v2\/posts\/5404\/revisions\/5405"}],"wp:attachment":[{"href":"https:\/\/develop.immobilienbusiness.ch\/fr\/wp-json\/wp\/v2\/media?parent=5404"}],"wp:term":[{"taxonomy":"category","embeddable":true,"href":"https:\/\/develop.immobilienbusiness.ch\/fr\/wp-json\/wp\/v2\/categories?post=5404"},{"taxonomy":"post_tag","embeddable":true,"href":"https:\/\/develop.immobilienbusiness.ch\/fr\/wp-json\/wp\/v2\/tags?post=5404"}],"curies":[{"name":"wp","href":"https:\/\/api.w.org\/{rel}","templated":true}]}}