{"id":5054,"date":"2023-05-02T10:12:00","date_gmt":"2023-05-02T08:12:00","guid":{"rendered":"https:\/\/develop.immobilienbusiness.ch\/?p=5054"},"modified":"2023-05-02T10:12:00","modified_gmt":"2023-05-02T08:12:00","slug":"wigoltingen-auto-ag-kauft-grundstueck-fuer-gewerbebau-fuer-7-mio-chf","status":"publish","type":"post","link":"https:\/\/develop.immobilienbusiness.ch\/fr\/ib\/2023-05-02\/wigoltingen-auto-ag-kauft-grundstueck-fuer-gewerbebau-fuer-7-mio-chf\/","title":{"rendered":"La ville de Wigoltingen : Auto AG ach\u00e8te un terrain pour un b\u00e2timent commercial pour 7 millions de CHF"},"content":{"rendered":"<p>Die Auto AG Group hat laut Gesch\u00e4ftsbericht ein gut 10.000 qm grosses Grundst\u00fcck in Wigoltingen (TG) erworben. Dort will sie den Angaben zufolge ein Nutzfahrzeugcenter errichten. Noch dieses Jahr soll in Baugesuch eingereicht werden. Der Kaufpreis betrug 7 Mio. CHF. <i>(aw)<\/i><\/p>","protected":false},"excerpt":{"rendered":"<p>Ein gut 1 ha grosses Grundst\u00fcck in Wigoltingen erwarb die Auto AG Group f\u00fcr den Bau eines Nutzfahrzeugcenters.<\/p>","protected":false},"author":28,"featured_media":0,"comment_status":"closed","ping_status":"closed","sticky":false,"template":"","format":"standard","meta":{"_acf_changed":false,"footnotes":""},"categories":[5],"tags":[951,294,22,96,47,41,950],"class_list":["post-5054","post","type-post","status-publish","format-standard","hentry","category-ib","tag-auto-ag","tag-grundstueck","tag-industrie","tag-projekt-in-planung","tag-tg","tag-verkauf","tag-wigoltingen"],"acf":[],"_links":{"self":[{"href":"https:\/\/develop.immobilienbusiness.ch\/fr\/wp-json\/wp\/v2\/posts\/5054","targetHints":{"allow":["GET"]}}],"collection":[{"href":"https:\/\/develop.immobilienbusiness.ch\/fr\/wp-json\/wp\/v2\/posts"}],"about":[{"href":"https:\/\/develop.immobilienbusiness.ch\/fr\/wp-json\/wp\/v2\/types\/post"}],"author":[{"embeddable":true,"href":"https:\/\/develop.immobilienbusiness.ch\/fr\/wp-json\/wp\/v2\/users\/28"}],"replies":[{"embeddable":true,"href":"https:\/\/develop.immobilienbusiness.ch\/fr\/wp-json\/wp\/v2\/comments?post=5054"}],"version-history":[{"count":1,"href":"https:\/\/develop.immobilienbusiness.ch\/fr\/wp-json\/wp\/v2\/posts\/5054\/revisions"}],"predecessor-version":[{"id":5055,"href":"https:\/\/develop.immobilienbusiness.ch\/fr\/wp-json\/wp\/v2\/posts\/5054\/revisions\/5055"}],"wp:attachment":[{"href":"https:\/\/develop.immobilienbusiness.ch\/fr\/wp-json\/wp\/v2\/media?parent=5054"}],"wp:term":[{"taxonomy":"category","embeddable":true,"href":"https:\/\/develop.immobilienbusiness.ch\/fr\/wp-json\/wp\/v2\/categories?post=5054"},{"taxonomy":"post_tag","embeddable":true,"href":"https:\/\/develop.immobilienbusiness.ch\/fr\/wp-json\/wp\/v2\/tags?post=5054"}],"curies":[{"name":"wp","href":"https:\/\/api.w.org\/{rel}","templated":true}]}}