{"id":4973,"date":"2023-04-21T19:43:51","date_gmt":"2023-04-21T17:43:51","guid":{"rendered":"https:\/\/develop.immobilienbusiness.ch\/?p=4973"},"modified":"2023-04-21T19:43:51","modified_gmt":"2023-04-21T17:43:51","slug":"bern-staedtischer-fonds-stellt-13-wohnungen-fuer-77-mio-chf-fertig","status":"publish","type":"post","link":"https:\/\/develop.immobilienbusiness.ch\/fr\/ib\/2023-04-21\/bern-staedtischer-fonds-stellt-13-wohnungen-fuer-77-mio-chf-fertig\/","title":{"rendered":"Bern: St\u00e4dtischer Fonds stellt 13 Wohnungen f\u00fcr 7,7 Mio. CHF fertig"},"content":{"rendered":"<p>Die Stadt Bern hat die Baul\u00fccke am Centralweg 15 im Lorrainequartier mit einem Mehrfamilienhaus geschlossen. Das Ende der Bauarbeiten, die 2021 anliefen, wird in wenigen Tagen gefeiert. Der Fonds f\u00fcr Boden- und Wohnbaupolitik realisierte neue Wohnungen und ein Atelier. Ein Teil der Wohnungen wird im Segment \u00abG\u00fcnstiger Wohnraum mit Vermietungskriterien (G\u00fcWR)\u00bb vermietet. Es sind 13 Wohnungen mit 2,5 bis 5,5 Zimmern entstanden.<\/p>\n<p>Das Bauprojekt ist aus einem im Jahr 2010 durchgef\u00fchrten Architekturwettbewerb hervorgegangen. Unter anderem durch Verzicht auf Holzbauweise wurde die urspr\u00fcngliche Bausumme von 8,82 Mio. um rund 1,05 Mio. CHF geenkt. <i>(aw)<\/i><\/p>\n<p>&nbsp;<\/p>","protected":false},"excerpt":{"rendered":"<p>An der Berner Centralstrasse sind 13 st\u00e4dtische Wohnungen mit bis zu 5,5 Zimmern entstanden.<\/p>","protected":false},"author":28,"featured_media":0,"comment_status":"closed","ping_status":"closed","sticky":false,"template":"","format":"standard","meta":{"_acf_changed":false,"footnotes":""},"categories":[5],"tags":[217,3,905,601,183,215],"class_list":["post-4973","post","type-post","status-publish","format-standard","hentry","category-ib","tag-bern","tag-fertigstellung","tag-fonds-fuer-boden-und-wohnbaupolitik","tag-mehrfamilienhaus","tag-mietwohnungen","tag-oeffentliche-hand"],"acf":[],"_links":{"self":[{"href":"https:\/\/develop.immobilienbusiness.ch\/fr\/wp-json\/wp\/v2\/posts\/4973","targetHints":{"allow":["GET"]}}],"collection":[{"href":"https:\/\/develop.immobilienbusiness.ch\/fr\/wp-json\/wp\/v2\/posts"}],"about":[{"href":"https:\/\/develop.immobilienbusiness.ch\/fr\/wp-json\/wp\/v2\/types\/post"}],"author":[{"embeddable":true,"href":"https:\/\/develop.immobilienbusiness.ch\/fr\/wp-json\/wp\/v2\/users\/28"}],"replies":[{"embeddable":true,"href":"https:\/\/develop.immobilienbusiness.ch\/fr\/wp-json\/wp\/v2\/comments?post=4973"}],"version-history":[{"count":1,"href":"https:\/\/develop.immobilienbusiness.ch\/fr\/wp-json\/wp\/v2\/posts\/4973\/revisions"}],"predecessor-version":[{"id":4974,"href":"https:\/\/develop.immobilienbusiness.ch\/fr\/wp-json\/wp\/v2\/posts\/4973\/revisions\/4974"}],"wp:attachment":[{"href":"https:\/\/develop.immobilienbusiness.ch\/fr\/wp-json\/wp\/v2\/media?parent=4973"}],"wp:term":[{"taxonomy":"category","embeddable":true,"href":"https:\/\/develop.immobilienbusiness.ch\/fr\/wp-json\/wp\/v2\/categories?post=4973"},{"taxonomy":"post_tag","embeddable":true,"href":"https:\/\/develop.immobilienbusiness.ch\/fr\/wp-json\/wp\/v2\/tags?post=4973"}],"curies":[{"name":"wp","href":"https:\/\/api.w.org\/{rel}","templated":true}]}}