{"id":488,"date":"2020-06-26T09:00:33","date_gmt":"2020-06-26T07:00:33","guid":{"rendered":"https:\/\/develop.immobilienbusiness.ch\/de\/allgemein\/2020-06-26\/basel-sale-and-lease-back-fur-basilea-firmensitz\/"},"modified":"2020-06-26T09:00:33","modified_gmt":"2020-06-26T07:00:33","slug":"basel-sale-and-lease-back-fur-basilea-firmensitz","status":"publish","type":"post","link":"https:\/\/develop.immobilienbusiness.ch\/fr\/ib\/2020-06-26\/basel-sale-and-lease-back-fur-basilea-firmensitz\/","title":{"rendered":"Basel: Sale-and-Lease-back f\u00fcr Basilea-Firmensitz"},"content":{"rendered":"<p>Wie Basilea Pharmaceutica mitteilt, bel\u00e4uft sich der Bruttoerl\u00f6s aus dem Verkauf &#8211; vor Geb\u00fchren und Transaktionskosten &#8211; auf rund 19 Millionen CHF. Man werde das Geb\u00e4ude zur\u00fcckmieten und plane keine weiteren organisatorische \u00c4nderungen im Zusammenhang mit dieser Transaktion. CBRE hat Basilea beim Verkauf der Liegenschaft an der Grenzacherstrasse 487 beraten.<\/p>\n<p>Laut CEO David Veitch erh\u00f6ht die Transaktion die finanzielle und operative Flexibilit\u00e4t des Unternehmens. Mittelfristig will es alle Mitarbeitenden, die derzeit an verschiedenen Standorten in Basel arbeiten, an einem neuen Standort in der Region zusammenf\u00fchren.<\/p>\n<p>Basilea Pharmaceutica wurde im Jahr 2000 aus der F. Hoffmann-La Roche ausgegr\u00fcndet und ist seit M\u00e4rz 2004 an der Schweizer B\u00f6rse kotiert. Das Unternehmen entwickelt Arzneimittel zur Behandlung von bakteriellen Infektionen und Pilzerkrankungen.<\/p>","protected":false},"excerpt":{"rendered":"<p>Basilea Pharmaceutica hat den Firmensitz an der Grenzacherstrasse in Basel per Sale-and-Lease-back-Transaktion an die Pensionskasse der UBS ver\u00e4ussert.<\/p>","protected":false},"author":23,"featured_media":0,"comment_status":"closed","ping_status":"closed","sticky":false,"template":"","format":"standard","meta":{"_acf_changed":false,"footnotes":""},"categories":[5],"tags":[7,41],"class_list":["post-488","post","type-post","status-publish","format-standard","hentry","category-ib","tag-buro","tag-verkauf"],"acf":[],"_links":{"self":[{"href":"https:\/\/develop.immobilienbusiness.ch\/fr\/wp-json\/wp\/v2\/posts\/488","targetHints":{"allow":["GET"]}}],"collection":[{"href":"https:\/\/develop.immobilienbusiness.ch\/fr\/wp-json\/wp\/v2\/posts"}],"about":[{"href":"https:\/\/develop.immobilienbusiness.ch\/fr\/wp-json\/wp\/v2\/types\/post"}],"author":[{"embeddable":true,"href":"https:\/\/develop.immobilienbusiness.ch\/fr\/wp-json\/wp\/v2\/users\/23"}],"replies":[{"embeddable":true,"href":"https:\/\/develop.immobilienbusiness.ch\/fr\/wp-json\/wp\/v2\/comments?post=488"}],"version-history":[{"count":0,"href":"https:\/\/develop.immobilienbusiness.ch\/fr\/wp-json\/wp\/v2\/posts\/488\/revisions"}],"wp:attachment":[{"href":"https:\/\/develop.immobilienbusiness.ch\/fr\/wp-json\/wp\/v2\/media?parent=488"}],"wp:term":[{"taxonomy":"category","embeddable":true,"href":"https:\/\/develop.immobilienbusiness.ch\/fr\/wp-json\/wp\/v2\/categories?post=488"},{"taxonomy":"post_tag","embeddable":true,"href":"https:\/\/develop.immobilienbusiness.ch\/fr\/wp-json\/wp\/v2\/tags?post=488"}],"curies":[{"name":"wp","href":"https:\/\/api.w.org\/{rel}","templated":true}]}}