{"id":4875,"date":"2023-04-11T06:56:16","date_gmt":"2023-04-11T04:56:16","guid":{"rendered":"https:\/\/develop.immobilienbusiness.ch\/?p=4875"},"modified":"2023-04-11T06:56:16","modified_gmt":"2023-04-11T04:56:16","slug":"st-gallen-70-wohnungen-in-genossenschaftsprojekt-geplant","status":"publish","type":"post","link":"https:\/\/develop.immobilienbusiness.ch\/fr\/ib\/2023-04-11\/st-gallen-70-wohnungen-in-genossenschaftsprojekt-geplant\/","title":{"rendered":"St. Gallen: 70 Wohnungen in Genossenschaftsprojekt geplant"},"content":{"rendered":"<p>Am \u00f6stlichen Stadtrand von St. Gallen plant die Wohnbaugenossenschaft REM3 ein Mehrgenerationen-Wohnprojekt f\u00fcr das Areal Remishueb 3. In einer kooperativen Planung mit der Stadtverwaltung und den bestehenden Genossenschaften im Umfeld wird ein Architekturwettbewerb f\u00fcr die \u00dcberbauung lanciert. Geplant sind rund 70 Wohnungen in einer autoarmen Siedlung, die durch Gewerbe- und Gemeinschaftsr\u00e4ume erg\u00e4nzt werden.<\/p>\n<p>Das neu abparzellierte Grundst\u00fcck der Remishueb 3 befindet sich am \u00e4ussersten Siedlungsrand der Stadt St. Gallen und ist der Wohnzone W3 zugewiesen. Es umfasst 8.289 qm und wird am westlichen Rand vom H\u00f6chsterwaldbach tangiert. Die Remishueb 3 ist die dritte und letzte Bauetappe des Quartiers Remishueb. Als erste Bauetappe des Gesamtkonzepts wurde 1992 die Remishueb 1 mit f\u00fcnf Teilprojekten auf Basis eines Gestaltungsplans realisiert. 2003 folgte die Remishueb 2 auf Grundlage eines \u00dcberbauungsplans. Mit der Remishueb 3 soll das Konzept abgeschlossen werden.<\/p>\n<p>In einem Architekturwettbewerb soll noch dieses Jahr \u00fcber die Entw\u00fcrfe f\u00fcr das Quartiert entschieden werden. <i>(aw)<\/i><\/p>","protected":false},"excerpt":{"rendered":"<p>Das Areal Remishueb 3 am \u00f6stlichen Stadtrand von St. Gallen soll mit 70 Wohnungen \u00fcberbaut werden. Das Projekt ist die dritte und letzte Etappe eines genossenschaftlichen Wohnprojekts.<\/p>","protected":false},"author":28,"featured_media":0,"comment_status":"closed","ping_status":"closed","sticky":false,"template":"","format":"standard","meta":{"_acf_changed":false,"footnotes":""},"categories":[5],"tags":[183,96,48,254],"class_list":["post-4875","post","type-post","status-publish","format-standard","hentry","category-ib","tag-mietwohnungen","tag-projekt-in-planung","tag-sg","tag-st-gallen"],"acf":[],"_links":{"self":[{"href":"https:\/\/develop.immobilienbusiness.ch\/fr\/wp-json\/wp\/v2\/posts\/4875","targetHints":{"allow":["GET"]}}],"collection":[{"href":"https:\/\/develop.immobilienbusiness.ch\/fr\/wp-json\/wp\/v2\/posts"}],"about":[{"href":"https:\/\/develop.immobilienbusiness.ch\/fr\/wp-json\/wp\/v2\/types\/post"}],"author":[{"embeddable":true,"href":"https:\/\/develop.immobilienbusiness.ch\/fr\/wp-json\/wp\/v2\/users\/28"}],"replies":[{"embeddable":true,"href":"https:\/\/develop.immobilienbusiness.ch\/fr\/wp-json\/wp\/v2\/comments?post=4875"}],"version-history":[{"count":1,"href":"https:\/\/develop.immobilienbusiness.ch\/fr\/wp-json\/wp\/v2\/posts\/4875\/revisions"}],"predecessor-version":[{"id":4876,"href":"https:\/\/develop.immobilienbusiness.ch\/fr\/wp-json\/wp\/v2\/posts\/4875\/revisions\/4876"}],"wp:attachment":[{"href":"https:\/\/develop.immobilienbusiness.ch\/fr\/wp-json\/wp\/v2\/media?parent=4875"}],"wp:term":[{"taxonomy":"category","embeddable":true,"href":"https:\/\/develop.immobilienbusiness.ch\/fr\/wp-json\/wp\/v2\/categories?post=4875"},{"taxonomy":"post_tag","embeddable":true,"href":"https:\/\/develop.immobilienbusiness.ch\/fr\/wp-json\/wp\/v2\/tags?post=4875"}],"curies":[{"name":"wp","href":"https:\/\/api.w.org\/{rel}","templated":true}]}}