{"id":487,"date":"2020-06-26T08:26:56","date_gmt":"2020-06-26T06:26:56","guid":{"rendered":"https:\/\/develop.immobilienbusiness.ch\/de\/allgemein\/2020-06-26\/bern-masterplan-fur-das-viererfeld-mittelfeld-steht\/"},"modified":"2020-06-26T08:26:56","modified_gmt":"2020-06-26T06:26:56","slug":"bern-masterplan-fur-das-viererfeld-mittelfeld-steht","status":"publish","type":"post","link":"https:\/\/develop.immobilienbusiness.ch\/fr\/ib\/2020-06-26\/bern-masterplan-fur-das-viererfeld-mittelfeld-steht\/","title":{"rendered":"Bern: Masterplan f\u00fcr das Viererfeld\/Mittelfeld steht"},"content":{"rendered":"<p>Wie Berns Stadtpr\u00e4sident Alec von Graffenried und Gemeinderat Michael Aebersold ausf\u00fchrten, soll der Masterplan das Leitdokument f\u00fcr die Realisierung des neuen Stadtquartiers sein. Man habe die \u00abeinmalige Chance, ein Stadtquartier mit Pioniercharakter erstellen zu k\u00f6nnen\u00bb. Das Viererfeld\/Mittelfeld solle wegweisend sein in Bezug auf \u00f6kologische Standards, vielf\u00e4ltigen und durchmischten Wohnungsbau sowie eine zukunftsweisende Mobilit\u00e4t.<\/p>\n<p>\u00abMit dem Masterplan haben wir einen wichtigen Meilenstein auf dem Weg zu unserem neuen Stadtquartier erreicht\u00bb, so Alec von Graffenried. Das neue Quartier werde aus unterschiedlichen, aber zueinander passenden H\u00e4usern bestehen. Geplant sei ein Zuhause f\u00fcr Menschen mit vielf\u00e4ltigen Lebensentw\u00fcrfen und -umst\u00e4nden.<\/p>\n<p>Die \u00abNabelschnur\u00bb des Viererfelds soll laut Masterplan eine zentrale Hauptachse bilden, an der sich alle<br \/>\nwichtigen \u00f6ffentlichen R\u00e4ume und publikumsorientierten Nutzungen befinden. Eine zweite wichtige Verbindung wird vom L\u00e4nggassquartier \u00fcber das Mittelfeld in den neuen Stadtteilpark mit Allmend, Sportfl\u00e4chen und Gartenland f\u00fchren. Zusammen mit dem Mittelfeldpark und den historischen Anlagen Studersteinpark und Engepromenade sowie dem Kleinen Bremgartenwald entstehe ein grossz\u00fcgiges<br \/>\nund vielf\u00e4ltiges Freiraumangebot, teilt der Berner Gemeinderat mit.<\/p>\n<h2>Baustart im Jahr 2024 m\u00f6glich<\/h2>\n<p>Im n\u00e4chsten Schritt werden laut Gemeinderat rechtlich verbindliche ausgearbeitet, unter anderem m\u00fcssen der Zonenplan und die st\u00e4dtebaulichen Leitlinien angepasst und ein Detailerschliessungsplan ausgearbeitet werden. Parallel dazu ist eine Kreditvorlage f\u00fcr die Projektierung und Realisierung der Infrastrukturen wie Park, Strassen, Pl\u00e4tze und Untergrund sowie die Baurechtsabgabe in Vorbereitung. Diese kommt voraussichtlich im Fr\u00fchjahr 2021 zur Abstimmung.<\/p>\n<p>\u00abWenn alles gut geht, k\u00f6nnen wir im Jahr 2024 mit der ersten Realisierungsetappe und dem Bau von rund 300 bis 400 der insgesamt etwa 1.100 Wohnungen beginnen\u00bb, so Gemeinderat Michael Aebersold<br \/>\naus. Mindestens die H\u00e4lfte der Wohnfl\u00e4che sei f\u00fcr gemeinn\u00fctzigen Wohnungsbau reserviert.<\/p>","protected":false},"excerpt":{"rendered":"<p>Am 25. Juni wurde der Masterplan f\u00fcr das neue Berner Stadtquartier Viererfeld\/Mittelfeld pr\u00e4sentiert.<\/p>","protected":false},"author":23,"featured_media":0,"comment_status":"closed","ping_status":"closed","sticky":false,"template":"","format":"standard","meta":{"_acf_changed":false,"footnotes":""},"categories":[5],"tags":[25,11],"class_list":["post-487","post","type-post","status-publish","format-standard","hentry","category-ib","tag-be","tag-in-planung"],"acf":[],"_links":{"self":[{"href":"https:\/\/develop.immobilienbusiness.ch\/fr\/wp-json\/wp\/v2\/posts\/487","targetHints":{"allow":["GET"]}}],"collection":[{"href":"https:\/\/develop.immobilienbusiness.ch\/fr\/wp-json\/wp\/v2\/posts"}],"about":[{"href":"https:\/\/develop.immobilienbusiness.ch\/fr\/wp-json\/wp\/v2\/types\/post"}],"author":[{"embeddable":true,"href":"https:\/\/develop.immobilienbusiness.ch\/fr\/wp-json\/wp\/v2\/users\/23"}],"replies":[{"embeddable":true,"href":"https:\/\/develop.immobilienbusiness.ch\/fr\/wp-json\/wp\/v2\/comments?post=487"}],"version-history":[{"count":0,"href":"https:\/\/develop.immobilienbusiness.ch\/fr\/wp-json\/wp\/v2\/posts\/487\/revisions"}],"wp:attachment":[{"href":"https:\/\/develop.immobilienbusiness.ch\/fr\/wp-json\/wp\/v2\/media?parent=487"}],"wp:term":[{"taxonomy":"category","embeddable":true,"href":"https:\/\/develop.immobilienbusiness.ch\/fr\/wp-json\/wp\/v2\/categories?post=487"},{"taxonomy":"post_tag","embeddable":true,"href":"https:\/\/develop.immobilienbusiness.ch\/fr\/wp-json\/wp\/v2\/tags?post=487"}],"curies":[{"name":"wp","href":"https:\/\/api.w.org\/{rel}","templated":true}]}}