{"id":4726,"date":"2023-03-17T07:28:35","date_gmt":"2023-03-17T06:28:35","guid":{"rendered":"https:\/\/develop.immobilienbusiness.ch\/?p=4726"},"modified":"2023-03-17T07:28:35","modified_gmt":"2023-03-17T06:28:35","slug":"zuerich-180-mio-chf-fuer-umgestaltung-des-kasernenareals-bewilligt","status":"publish","type":"post","link":"https:\/\/develop.immobilienbusiness.ch\/fr\/ib\/2023-03-17\/zuerich-180-mio-chf-fuer-umgestaltung-des-kasernenareals-bewilligt\/","title":{"rendered":"Z\u00fcrich: 180 Mio. CHF f\u00fcr Umgestaltung des Kasernenareals bewilligt"},"content":{"rendered":"<p>Nachdem die Kantonspolizei w\u00e4hrend rund 30 Jahren die Milit\u00e4rkaserne in Z\u00fcrich nutzte, soll k\u00fcnftig das Bildungszentrum f\u00fcr Erwachsene in das historische Geb\u00e4ude an der Milit\u00e4rstrasse einziehen. F\u00fcr die Gesamtinstandsetzung des Baus bewilligte der Regierungsrat nun rund 122 Mio. CHF. Gleichzeitig beantragt er dem Kantonsrat einen Objektkredit von rund 58 Mio. CHF f\u00fcr die Umnutung zum Bildungsgeb\u00e4ude.<\/p>\n<p>Das Kasernenareal ist das grossfl\u00e4chigste Areal im Stadtzentrum und ein gesch\u00fctztes Denkmal von nationaler Bedeutung. Die parallel zur Sihl verlaufende, 120 m lange Milit\u00e4rkaserne ist frei geworden, nachdem die Kantonspolizei in das neue Polizei- und Justizzentrum umgezogen ist.<\/p>\n<p>Der zentrale Trakt erh\u00e4lt einen gl\u00e4sernen Aufbau, der das neue Atrium belichtet. Das Projekt \u00abPilum\u00bb von der Spillmann Echsle Architekten AG aus Z\u00fcrich ging als Sieger aus einem Wettbewerb im selektiven Verfahren hervor. Das Erdgeschoss wird gem\u00e4ss dem Masterplan \u00abZukunft Kasernenareal Z\u00fcrich\u00bb f\u00fcr die \u00d6ffentlichkeit ge\u00f6ffnet. Vorgesehen sind Fl\u00e4chen f\u00fcr Gastronomie und Kleingewerbe sowie multifunktionale Fl\u00e4chen f\u00fcr M\u00e4rkte oder Ausstellungen. Der Baustart ist f\u00fcr 2024 geplant, die Inbetriebnahme der Schulen im Fr\u00fchjahr 2027. <i>(aw)<\/i><\/p>\n<p>&nbsp;<\/p>\n<p>&nbsp;<\/p>","protected":false},"excerpt":{"rendered":"<p>Die Umgestaltung der Milit\u00e4rkaserne an der Sihl zu einem Bildungszentrum f\u00fcr Erwachsene nimmt Formen an. F\u00fcr 180 Mio. CHF soll das gr\u00f6sste freie Areal in Z\u00fcrich umgenutzt werden, auch mit \u00f6ffentlich zug\u00e4nglichen Fl\u00e4chen im Erdgeschoss.<\/p>","protected":false},"author":28,"featured_media":0,"comment_status":"closed","ping_status":"closed","sticky":false,"template":"","format":"standard","meta":{"_acf_changed":false,"footnotes":""},"categories":[5],"tags":[396,78,215,96,16,446,123],"class_list":["post-4726","post","type-post","status-publish","format-standard","hentry","category-ib","tag-bildung","tag-gastronomie","tag-oeffentliche-hand","tag-projekt-in-planung","tag-retail","tag-stadtplanung","tag-zuerich"],"acf":[],"_links":{"self":[{"href":"https:\/\/develop.immobilienbusiness.ch\/fr\/wp-json\/wp\/v2\/posts\/4726","targetHints":{"allow":["GET"]}}],"collection":[{"href":"https:\/\/develop.immobilienbusiness.ch\/fr\/wp-json\/wp\/v2\/posts"}],"about":[{"href":"https:\/\/develop.immobilienbusiness.ch\/fr\/wp-json\/wp\/v2\/types\/post"}],"author":[{"embeddable":true,"href":"https:\/\/develop.immobilienbusiness.ch\/fr\/wp-json\/wp\/v2\/users\/28"}],"replies":[{"embeddable":true,"href":"https:\/\/develop.immobilienbusiness.ch\/fr\/wp-json\/wp\/v2\/comments?post=4726"}],"version-history":[{"count":1,"href":"https:\/\/develop.immobilienbusiness.ch\/fr\/wp-json\/wp\/v2\/posts\/4726\/revisions"}],"predecessor-version":[{"id":4727,"href":"https:\/\/develop.immobilienbusiness.ch\/fr\/wp-json\/wp\/v2\/posts\/4726\/revisions\/4727"}],"wp:attachment":[{"href":"https:\/\/develop.immobilienbusiness.ch\/fr\/wp-json\/wp\/v2\/media?parent=4726"}],"wp:term":[{"taxonomy":"category","embeddable":true,"href":"https:\/\/develop.immobilienbusiness.ch\/fr\/wp-json\/wp\/v2\/categories?post=4726"},{"taxonomy":"post_tag","embeddable":true,"href":"https:\/\/develop.immobilienbusiness.ch\/fr\/wp-json\/wp\/v2\/tags?post=4726"}],"curies":[{"name":"wp","href":"https:\/\/api.w.org\/{rel}","templated":true}]}}