{"id":4330,"date":"2023-01-14T21:40:25","date_gmt":"2023-01-14T20:40:25","guid":{"rendered":"https:\/\/develop.immobilienbusiness.ch\/?p=4330"},"modified":"2023-01-14T21:40:25","modified_gmt":"2023-01-14T20:40:25","slug":"maegenwil-ag-it-schulungscampus-von-brack-immobilien-ag-geplant","status":"publish","type":"post","link":"https:\/\/develop.immobilienbusiness.ch\/fr\/ib\/2023-01-14\/maegenwil-ag-it-schulungscampus-von-brack-immobilien-ag-geplant\/","title":{"rendered":"M\u00e4genwil (AG): IT-Schulungscampus von Brack Immobilien AG geplant"},"content":{"rendered":"<p>&nbsp;<\/p>\n<p>&nbsp;<\/p>\n<p>Die Brack Immobilien AG plant ein Schulungszentrum f\u00fcr den IT- und Kommunikationsbereich. Ein entsprechendes Baugesuch f\u00fcr das \u00abICT Village\u00bb in M\u00e4genwil liegt bei der Aargauer Gemeinde auf. Laut einem Bericht der \u00abAargauer Zeitung\u00bb sollen 10 Mio. CHF verbaut werden. Drei Geb\u00e4ude mit einem verbindenden Bau sind von Weibel Schrader Architekten in einer Campus-Situation konzipiert worden. <i>(aw)<\/i><\/p>","protected":false},"excerpt":{"rendered":"<p>Drei Geb\u00e4ude f\u00fcr 10 Mio. CHF f\u00fcr IT-Berufsausbildung sollen in M\u00e4genswil (AG) entstehen.<\/p>","protected":false},"author":28,"featured_media":0,"comment_status":"closed","ping_status":"closed","sticky":false,"template":"","format":"standard","meta":{"_acf_changed":false,"footnotes":""},"categories":[5],"tags":[6,7,429,631,96],"class_list":["post-4330","post","type-post","status-publish","format-standard","hentry","category-ib","tag-ag","tag-buro","tag-forschung","tag-maegenwil","tag-projekt-in-planung"],"acf":[],"_links":{"self":[{"href":"https:\/\/develop.immobilienbusiness.ch\/fr\/wp-json\/wp\/v2\/posts\/4330","targetHints":{"allow":["GET"]}}],"collection":[{"href":"https:\/\/develop.immobilienbusiness.ch\/fr\/wp-json\/wp\/v2\/posts"}],"about":[{"href":"https:\/\/develop.immobilienbusiness.ch\/fr\/wp-json\/wp\/v2\/types\/post"}],"author":[{"embeddable":true,"href":"https:\/\/develop.immobilienbusiness.ch\/fr\/wp-json\/wp\/v2\/users\/28"}],"replies":[{"embeddable":true,"href":"https:\/\/develop.immobilienbusiness.ch\/fr\/wp-json\/wp\/v2\/comments?post=4330"}],"version-history":[{"count":1,"href":"https:\/\/develop.immobilienbusiness.ch\/fr\/wp-json\/wp\/v2\/posts\/4330\/revisions"}],"predecessor-version":[{"id":4331,"href":"https:\/\/develop.immobilienbusiness.ch\/fr\/wp-json\/wp\/v2\/posts\/4330\/revisions\/4331"}],"wp:attachment":[{"href":"https:\/\/develop.immobilienbusiness.ch\/fr\/wp-json\/wp\/v2\/media?parent=4330"}],"wp:term":[{"taxonomy":"category","embeddable":true,"href":"https:\/\/develop.immobilienbusiness.ch\/fr\/wp-json\/wp\/v2\/categories?post=4330"},{"taxonomy":"post_tag","embeddable":true,"href":"https:\/\/develop.immobilienbusiness.ch\/fr\/wp-json\/wp\/v2\/tags?post=4330"}],"curies":[{"name":"wp","href":"https:\/\/api.w.org\/{rel}","templated":true}]}}