{"id":428,"date":"2020-06-16T09:15:48","date_gmt":"2020-06-16T07:15:48","guid":{"rendered":"https:\/\/develop.immobilienbusiness.ch\/de\/allgemein\/2020-06-16\/basel-stadtteilrichtplan-fur-kleinhuningen-klybeck\/"},"modified":"2020-06-16T09:15:48","modified_gmt":"2020-06-16T07:15:48","slug":"basel-stadtteilrichtplan-fur-kleinhuningen-klybeck","status":"publish","type":"post","link":"https:\/\/develop.immobilienbusiness.ch\/fr\/ib\/2020-06-16\/basel-stadtteilrichtplan-fur-kleinhuningen-klybeck\/","title":{"rendered":"Basel: Stadtteilrichtplan f\u00fcr Kleinh\u00fcningen-Klybeck"},"content":{"rendered":"<p>Im Norden Basels, auf den ehemaligen Ciba-Werkarealen im Klybeck und den Hafenarealen am Klybeckquai und Westquai, werden insgesamt 50 Hektaren f\u00fcr neue Stadtteile frei. Es k\u00f6nnte Wohn- und Arbeitsraum f\u00fcr insgesamt mehr als 20.000 Personen entstehen, heisst es bei der Stadt Basel.<\/p>\n<p>Geplant ist ferner, die Areale mit der S-Bahn-Haltestelle Klybeck an das S-Bahn Herzst\u00fcck anzuschliessen. Auch sollen neue Br\u00fccken gebaut werden, um die Vernetzung mit den franz\u00f6sischen und deutschen Nachbarn zu st\u00e4rken.<\/p>\n<h2>Richtplan soll Transformation koordinieren<\/h2>\n<p>Um diese Transformation zu koordinieren, soll ein Stadtteilrichtplan f\u00fcr die Quartiere Kleinh\u00fcningen und Klybeck erstellt werden, der insbesondere die Strategie der r\u00e4umlichen Entwicklung f\u00fcr die Quartiere festschreibt. Der Stadtteilrichtplan wird, analog dem kantonalen Richtplan, durch den Regierungsrat beh\u00f6rdenverbindlich festgesetzt.<\/p>\n<p>Der Basler Regierungsrat betont in einer Mitteilung, dass die Quartierbev\u00f6lkerung, Grundeigent\u00fcmer, Firmen, Organisationen, und alle interessierten B\u00fcrger an dem Richtplan mitwirken k\u00f6nnen. F\u00fcr die Erarbeitung, insbesondere f\u00fcr die daf\u00fcr ben\u00f6tigten Grundlagen, beantragt der Regierungsrat dem Grossen Rat Ausgaben in H\u00f6he rund 5,8 Millionen CHF.<\/p>\n<h2>Wohnen am Klybeckquai<\/h2>\n<p>Als Grundlage der weiteren Planung auf dem Klybeck- und dem Westquai ist bereits ein st\u00e4dtebauliches Konzept erarbeitet worden. W\u00e4hrend am Klybeckquai Wohnnutzungen vorgesehen sind, soll am Westquai Raum f\u00fcr Kultur, Arbeit und Freizeit entstehen.<\/p>\n<p>In den sozial und funktional durchmischten Quartieren g\u00e4be es Raum f\u00fcr \u00fcber 8.000 Einwohner und Besch\u00e4ftigte, heisst es in der Mitteilung des Regierungsrats. Das bestehende Klybeckquartier erhielte \u00fcber neue Gr\u00fcnanlagen und verl\u00e4ngerte Quartierstrassen Anschluss ans Rheinufer.<\/p>","protected":false},"excerpt":{"rendered":"<p>Die Industrieareale im Norden Basels sollen zu durchmischten Stadtteilen werden. Dazu ist nun die Entwicklung eines Stadtteilrichtplans auf den Weg gebracht worden.<\/p>","protected":false},"author":23,"featured_media":0,"comment_status":"closed","ping_status":"closed","sticky":false,"template":"","format":"standard","meta":{"_acf_changed":false,"footnotes":""},"categories":[5],"tags":[2,11],"class_list":["post-428","post","type-post","status-publish","format-standard","hentry","category-ib","tag-bs","tag-in-planung"],"acf":[],"_links":{"self":[{"href":"https:\/\/develop.immobilienbusiness.ch\/fr\/wp-json\/wp\/v2\/posts\/428","targetHints":{"allow":["GET"]}}],"collection":[{"href":"https:\/\/develop.immobilienbusiness.ch\/fr\/wp-json\/wp\/v2\/posts"}],"about":[{"href":"https:\/\/develop.immobilienbusiness.ch\/fr\/wp-json\/wp\/v2\/types\/post"}],"author":[{"embeddable":true,"href":"https:\/\/develop.immobilienbusiness.ch\/fr\/wp-json\/wp\/v2\/users\/23"}],"replies":[{"embeddable":true,"href":"https:\/\/develop.immobilienbusiness.ch\/fr\/wp-json\/wp\/v2\/comments?post=428"}],"version-history":[{"count":0,"href":"https:\/\/develop.immobilienbusiness.ch\/fr\/wp-json\/wp\/v2\/posts\/428\/revisions"}],"wp:attachment":[{"href":"https:\/\/develop.immobilienbusiness.ch\/fr\/wp-json\/wp\/v2\/media?parent=428"}],"wp:term":[{"taxonomy":"category","embeddable":true,"href":"https:\/\/develop.immobilienbusiness.ch\/fr\/wp-json\/wp\/v2\/categories?post=428"},{"taxonomy":"post_tag","embeddable":true,"href":"https:\/\/develop.immobilienbusiness.ch\/fr\/wp-json\/wp\/v2\/tags?post=428"}],"curies":[{"name":"wp","href":"https:\/\/api.w.org\/{rel}","templated":true}]}}