{"id":426,"date":"2020-06-16T08:43:11","date_gmt":"2020-06-16T06:43:11","guid":{"rendered":"https:\/\/develop.immobilienbusiness.ch\/de\/allgemein\/2020-06-16\/central-real-estate-basel-verliert-ceo\/"},"modified":"2020-06-16T08:43:11","modified_gmt":"2020-06-16T06:43:11","slug":"central-real-estate-basel-verliert-ceo","status":"publish","type":"post","link":"https:\/\/develop.immobilienbusiness.ch\/fr\/ib\/2020-06-16\/central-real-estate-basel-verliert-ceo\/","title":{"rendered":"Central Real Estate Basel verliert CEO"},"content":{"rendered":"<p>Laut einer Mitteilung der Central Real Estate Gruppe sei die Trennung von Andreas U. F\u00fcrst \u00abaufgrund von unterschiedlichen Auffassungen in der F\u00fchrung und der internen Zusammenarbeit\u00bb erfolgt. Die Suche nach einem neuen CEO sei gestartet worden. Bis die Stelle in Basel wieder definitiv besetzt sei, leiten Delegierte des Verwaltungsrats die Central Real Estate Basel AG.<\/p>\n<p>Die Immobiliengesellschaft entwickelt gemeinsam mit dem Kanton Basel-Stadt und der Swiss Life das Klybeck-Areal. F\u00fcrst habe in der Aufbauphase von der \u00dcbernahme des ehemaligen Novartis-Areals durch die Central Real Estate Gruppe bis heute ein stabiles Fundament f\u00fcr die weitere Entwicklung gelegt und bei den Planungspartnern und in der \u00d6ffentlichkeit in Basel grosse Anerkennung erworben, so das Unternehmen. F\u00fcrst werde die Central Real Estate Basel AG beim Projekt Klybeckplus weiterhin beraten.<\/p>\n<p>In den n\u00e4chsten Monaten stehen dort die Entwicklung des st\u00e4dtebaulichen Gesamtkonzepts und die Arbeiten am st\u00e4dtebaulichen Vertrag zwischen den Planungsparten an. Darauf sei auch das Stellenprofil des neuen CEO zugeschnitten, so die Central Real Estate Gruppe.<\/p>","protected":false},"excerpt":{"rendered":"<p>Wechsel in der Unternehmensleitung bei der Central Real Estate Basel AG: CEO Andreas U. F\u00fcrst tritt von seinem Posten ab. Das Unternehmen entwickelt mit dem Kanton Basel-Stadt und Swiss Life das Areal Klybeckplus.<\/p>","protected":false},"author":23,"featured_media":0,"comment_status":"closed","ping_status":"closed","sticky":false,"template":"","format":"standard","meta":{"_acf_changed":false,"footnotes":""},"categories":[5],"tags":[2],"class_list":["post-426","post","type-post","status-publish","format-standard","hentry","category-ib","tag-bs"],"acf":[],"_links":{"self":[{"href":"https:\/\/develop.immobilienbusiness.ch\/fr\/wp-json\/wp\/v2\/posts\/426","targetHints":{"allow":["GET"]}}],"collection":[{"href":"https:\/\/develop.immobilienbusiness.ch\/fr\/wp-json\/wp\/v2\/posts"}],"about":[{"href":"https:\/\/develop.immobilienbusiness.ch\/fr\/wp-json\/wp\/v2\/types\/post"}],"author":[{"embeddable":true,"href":"https:\/\/develop.immobilienbusiness.ch\/fr\/wp-json\/wp\/v2\/users\/23"}],"replies":[{"embeddable":true,"href":"https:\/\/develop.immobilienbusiness.ch\/fr\/wp-json\/wp\/v2\/comments?post=426"}],"version-history":[{"count":0,"href":"https:\/\/develop.immobilienbusiness.ch\/fr\/wp-json\/wp\/v2\/posts\/426\/revisions"}],"wp:attachment":[{"href":"https:\/\/develop.immobilienbusiness.ch\/fr\/wp-json\/wp\/v2\/media?parent=426"}],"wp:term":[{"taxonomy":"category","embeddable":true,"href":"https:\/\/develop.immobilienbusiness.ch\/fr\/wp-json\/wp\/v2\/categories?post=426"},{"taxonomy":"post_tag","embeddable":true,"href":"https:\/\/develop.immobilienbusiness.ch\/fr\/wp-json\/wp\/v2\/tags?post=426"}],"curies":[{"name":"wp","href":"https:\/\/api.w.org\/{rel}","templated":true}]}}