{"id":3775,"date":"2022-11-10T09:56:59","date_gmt":"2022-11-10T08:56:59","guid":{"rendered":"https:\/\/develop.immobilienbusiness.ch\/?p=3775"},"modified":"2022-11-10T09:56:59","modified_gmt":"2022-11-10T08:56:59","slug":"st-gallen-moebelhaus-stellt-neubau-fertig","status":"publish","type":"post","link":"https:\/\/develop.immobilienbusiness.ch\/fr\/ib\/2022-11-10\/st-gallen-moebelhaus-stellt-neubau-fertig\/","title":{"rendered":"St. Gallen: M\u00f6belhaus stellt Neubau fertig"},"content":{"rendered":"<p>In St.Gallen\u2013M\u00f6rschwil hat der M\u00f6belmarkt Meier nach eigenen Angaben einen dreist\u00f6ckigen Neubau er\u00f6ffnet. Die Pl\u00e4ne f\u00fcr den 6.200 qm grossen Bau an der Steinigfeldstrasse 1 stellte das Unternehmen 2015 vor. Die Verwirklichung verz\u00f6gerte sich wegen Einsprachen. Gebaut wurde seit September 2021. <i>(aw)<\/i><\/p>\n<p>&nbsp;<\/p>\n<p>&nbsp;<\/p>","protected":false},"excerpt":{"rendered":"<p>In St. Gallen hat an der Steinigfeldstrasse 1 das M\u00f6belmarkt Meier ein rund 6.000 qm grosses Verkaufsgeb\u00e4ude er\u00f6ffnet.<\/p>","protected":false},"author":28,"featured_media":0,"comment_status":"closed","ping_status":"closed","sticky":false,"template":"","format":"standard","meta":{"_acf_changed":false,"footnotes":""},"categories":[5],"tags":[3,16,48],"class_list":["post-3775","post","type-post","status-publish","format-standard","hentry","category-ib","tag-fertigstellung","tag-retail","tag-sg"],"acf":[],"_links":{"self":[{"href":"https:\/\/develop.immobilienbusiness.ch\/fr\/wp-json\/wp\/v2\/posts\/3775","targetHints":{"allow":["GET"]}}],"collection":[{"href":"https:\/\/develop.immobilienbusiness.ch\/fr\/wp-json\/wp\/v2\/posts"}],"about":[{"href":"https:\/\/develop.immobilienbusiness.ch\/fr\/wp-json\/wp\/v2\/types\/post"}],"author":[{"embeddable":true,"href":"https:\/\/develop.immobilienbusiness.ch\/fr\/wp-json\/wp\/v2\/users\/28"}],"replies":[{"embeddable":true,"href":"https:\/\/develop.immobilienbusiness.ch\/fr\/wp-json\/wp\/v2\/comments?post=3775"}],"version-history":[{"count":1,"href":"https:\/\/develop.immobilienbusiness.ch\/fr\/wp-json\/wp\/v2\/posts\/3775\/revisions"}],"predecessor-version":[{"id":3776,"href":"https:\/\/develop.immobilienbusiness.ch\/fr\/wp-json\/wp\/v2\/posts\/3775\/revisions\/3776"}],"wp:attachment":[{"href":"https:\/\/develop.immobilienbusiness.ch\/fr\/wp-json\/wp\/v2\/media?parent=3775"}],"wp:term":[{"taxonomy":"category","embeddable":true,"href":"https:\/\/develop.immobilienbusiness.ch\/fr\/wp-json\/wp\/v2\/categories?post=3775"},{"taxonomy":"post_tag","embeddable":true,"href":"https:\/\/develop.immobilienbusiness.ch\/fr\/wp-json\/wp\/v2\/tags?post=3775"}],"curies":[{"name":"wp","href":"https:\/\/api.w.org\/{rel}","templated":true}]}}