{"id":3620,"date":"2022-10-29T18:33:49","date_gmt":"2022-10-29T16:33:49","guid":{"rendered":"https:\/\/develop.immobilienbusiness.ch\/?p=3620"},"modified":"2022-10-29T18:33:49","modified_gmt":"2022-10-29T16:33:49","slug":"kanton-solothurn-18-gebaeude-mit-wohnungen-und-gewerbe-in-dulliken-geplant","status":"publish","type":"post","link":"https:\/\/develop.immobilienbusiness.ch\/fr\/ib\/2022-10-29\/kanton-solothurn-18-gebaeude-mit-wohnungen-und-gewerbe-in-dulliken-geplant\/","title":{"rendered":"Kanton Solothurn: 18 Geb\u00e4ude mit Wohnungen und Gewerbe in Dulliken geplant"},"content":{"rendered":"<p>In Dulliken (SO) entsteht ein neues Baugebiet. Im \u201eSch\u00e4fer-Langfeld\u201c sind laut Gestaltungsplan 18 neue Geb\u00e4ude mit 95 Wohnungen und rund 1.600 qm f\u00fcr Gewerbe, Dienstleistungsbetriebe und Gemeinschaftsr\u00e4ume vorgesehen. Wie Lokalmedien \u00fcbereinstimmend berichten, sind bei der Gemeinde keine Einsprachen gegen das Vorhaben eingegangen. Nun steht die Genehmigung durch den Regierungsrat aus. Das Mobilit\u00e4tskonzept f\u00fcr das neue Viertel hat die Viaplan AG im Auftrag der Eggenschwiler Perroud AG erstellt. <i>(aw)<\/i><\/p>","protected":false},"excerpt":{"rendered":"<p>Gegen die \u00dcberbauung im \u201eSch\u00e4fer-Langfeld\u201c, die 95 Wohnungen umfassen soll, sind keine Eingaben eingegangen.<\/p>","protected":false},"author":28,"featured_media":0,"comment_status":"closed","ping_status":"closed","sticky":false,"template":"","format":"standard","meta":{"_acf_changed":false,"footnotes":""},"categories":[5],"tags":[185,229,96,33,203],"class_list":["post-3620","post","type-post","status-publish","format-standard","hentry","category-ib","tag-dulliken","tag-gewerbe","tag-projekt-in-planung","tag-so","tag-wohnungen"],"acf":[],"_links":{"self":[{"href":"https:\/\/develop.immobilienbusiness.ch\/fr\/wp-json\/wp\/v2\/posts\/3620","targetHints":{"allow":["GET"]}}],"collection":[{"href":"https:\/\/develop.immobilienbusiness.ch\/fr\/wp-json\/wp\/v2\/posts"}],"about":[{"href":"https:\/\/develop.immobilienbusiness.ch\/fr\/wp-json\/wp\/v2\/types\/post"}],"author":[{"embeddable":true,"href":"https:\/\/develop.immobilienbusiness.ch\/fr\/wp-json\/wp\/v2\/users\/28"}],"replies":[{"embeddable":true,"href":"https:\/\/develop.immobilienbusiness.ch\/fr\/wp-json\/wp\/v2\/comments?post=3620"}],"version-history":[{"count":1,"href":"https:\/\/develop.immobilienbusiness.ch\/fr\/wp-json\/wp\/v2\/posts\/3620\/revisions"}],"predecessor-version":[{"id":3621,"href":"https:\/\/develop.immobilienbusiness.ch\/fr\/wp-json\/wp\/v2\/posts\/3620\/revisions\/3621"}],"wp:attachment":[{"href":"https:\/\/develop.immobilienbusiness.ch\/fr\/wp-json\/wp\/v2\/media?parent=3620"}],"wp:term":[{"taxonomy":"category","embeddable":true,"href":"https:\/\/develop.immobilienbusiness.ch\/fr\/wp-json\/wp\/v2\/categories?post=3620"},{"taxonomy":"post_tag","embeddable":true,"href":"https:\/\/develop.immobilienbusiness.ch\/fr\/wp-json\/wp\/v2\/tags?post=3620"}],"curies":[{"name":"wp","href":"https:\/\/api.w.org\/{rel}","templated":true}]}}