{"id":331,"date":"2020-05-11T17:49:25","date_gmt":"2020-05-11T15:49:25","guid":{"rendered":"https:\/\/develop.immobilienbusiness.ch\/de\/allgemein\/2020-05-11\/genf-implenia-errichtet-neues-uno-verwaltungsgebaude\/"},"modified":"2020-05-11T17:49:25","modified_gmt":"2020-05-11T15:49:25","slug":"genf-implenia-errichtet-neues-uno-verwaltungsgebaude","status":"publish","type":"post","link":"https:\/\/develop.immobilienbusiness.ch\/fr\/ib\/2020-05-11\/genf-implenia-errichtet-neues-uno-verwaltungsgebaude\/","title":{"rendered":"Genf: Implenia errichtet neues UNO-Verwaltungsgeb\u00e4ude"},"content":{"rendered":"<p>Ziel der Vereinten Nationen ist, alle Mitarbeitenden auf dem Gel\u00e4nde des Palais des Nations zusammenzubringen. Das neue Geb\u00e4ude unterst\u00fctzt diese Bestrebungen. Auf einer Grundst\u00fccksfl\u00e4che von rund 25.000 qm baut Implenia mit lokalen und internationalen Partnern das neue Geb\u00e4ude in Anlehnung an LEED (Leadership in Energy and Environmental Design).<\/p>\n<p>Im neuen Verwaltungsgeb\u00e4ude entstehen offene Arbeitsbereiche f\u00fcr 1.400 Besch\u00e4ftigte sowie Terrassen und geschlossene Aussenbereiche in jeder Etage. Das neue Geb\u00e4ude befindet sich an einer Hanglage und f\u00fcgt sich mittels Terrassierung in die H\u00fcgel ein. Der Baugrund befindet sich auf dem Genfer UNO-Gel\u00e4nde, dementsprechend seien die Sicherheitsanforderungen hoch, schreibt Implenia.<\/p>\n<p>Die Arbeiten wurden Anfang November 2017 gestartet und dauern voraussichtlich bis Ende November 2019. Das Auftragsvolumen betr\u00e4gt rund 100 Millionen CHF. Beim Bau des neuen Verwaltungsgeb\u00e4udes der UNO handelt es sich um das erste Projekt, bei welchem Implenia ihre neue Nachhaltigkeitsinitiative \u00abChantier Marguerite\u00bb umsetzt.<\/p>","protected":false},"excerpt":{"rendered":"<p>Implenia setzt sich in einem von der UNO international ausgeschriebenen Wettbewerb durch und gewinnt den Auftrag zum Bau eines neuen Verwaltungsgeb\u00e4udes in Genf.<\/p>","protected":false},"author":25,"featured_media":0,"comment_status":"closed","ping_status":"closed","sticky":false,"template":"","format":"standard","meta":{"_acf_changed":false,"footnotes":""},"categories":[5],"tags":[7,54,53,11],"class_list":["post-331","post","type-post","status-publish","format-standard","hentry","category-ib","tag-buro","tag-forward-funding-forward-purchase","tag-ge","tag-in-planung"],"acf":[],"_links":{"self":[{"href":"https:\/\/develop.immobilienbusiness.ch\/fr\/wp-json\/wp\/v2\/posts\/331","targetHints":{"allow":["GET"]}}],"collection":[{"href":"https:\/\/develop.immobilienbusiness.ch\/fr\/wp-json\/wp\/v2\/posts"}],"about":[{"href":"https:\/\/develop.immobilienbusiness.ch\/fr\/wp-json\/wp\/v2\/types\/post"}],"author":[{"embeddable":true,"href":"https:\/\/develop.immobilienbusiness.ch\/fr\/wp-json\/wp\/v2\/users\/25"}],"replies":[{"embeddable":true,"href":"https:\/\/develop.immobilienbusiness.ch\/fr\/wp-json\/wp\/v2\/comments?post=331"}],"version-history":[{"count":0,"href":"https:\/\/develop.immobilienbusiness.ch\/fr\/wp-json\/wp\/v2\/posts\/331\/revisions"}],"wp:attachment":[{"href":"https:\/\/develop.immobilienbusiness.ch\/fr\/wp-json\/wp\/v2\/media?parent=331"}],"wp:term":[{"taxonomy":"category","embeddable":true,"href":"https:\/\/develop.immobilienbusiness.ch\/fr\/wp-json\/wp\/v2\/categories?post=331"},{"taxonomy":"post_tag","embeddable":true,"href":"https:\/\/develop.immobilienbusiness.ch\/fr\/wp-json\/wp\/v2\/tags?post=331"}],"curies":[{"name":"wp","href":"https:\/\/api.w.org\/{rel}","templated":true}]}}