{"id":32,"date":"2019-12-10T08:55:19","date_gmt":"2019-12-10T07:55:19","guid":{"rendered":"https:\/\/develop.immobilienbusiness.ch\/de\/allgemein\/2019-12-10\/sarnen-erster-coworking-space-der-region-eroffnet\/"},"modified":"2019-12-10T08:55:19","modified_gmt":"2019-12-10T07:55:19","slug":"sarnen-erster-coworking-space-der-region-eroffnet","status":"publish","type":"post","link":"https:\/\/develop.immobilienbusiness.ch\/fr\/ib\/2019-12-10\/sarnen-erster-coworking-space-der-region-eroffnet\/","title":{"rendered":"Sarnen: Erster Coworking-Space der Region er\u00f6ffnet"},"content":{"rendered":"<p><span><span><span><span><span><span><span>Der Coworking Space am ehemaligen Standort der Obwaldener Kantonalbank (OKB) an der Bahnhofstrasse in Saarnen (OW) ist eine Zwischennutzung f\u00fcr das Geb\u00e4ude, das der Eberli Anlagen geh\u00f6rt. Der Mietvertrag ist nach Angaben von lokalen Medien zun\u00e4chst auf f\u00fcnf Jahre befristet. <\/span><\/span><\/span><\/span><\/span><\/span><\/span><\/p>\n<p><span><span><span><span><span><span><span>Der Verein Startup Pilatus hat die flexiblen Arbeitspl\u00e4tze in der ehemaligen Schalterhalle eingerichtet. In den oberen Stockwerken gibt es B\u00fcros und Sitzungsr\u00e4ume, ausserdem zwei Zimmer zum \u00dcbernachten. Zwei Drittel der B\u00fcrofl\u00e4chen werden zu g\u00fcnstigen Konditionen an Startups vermietet. <\/span><\/span><\/span><\/span><\/span><\/span><\/span><\/p>","protected":false},"excerpt":{"rendered":"<p><span><span><span><span><span><span><span>Im ehemaligen Hauptsitz der Obwaldener Kantonalbank in Saarnen (OW) hat der Verein Startup Pilatus den ersten Coworking Space in der Region eingerichtet.<\/span><\/span><\/span><\/span><\/span><\/span><\/span><\/p>","protected":false},"author":23,"featured_media":0,"comment_status":"closed","ping_status":"closed","sticky":false,"template":"","format":"standard","meta":{"_acf_changed":false,"footnotes":""},"categories":[5],"tags":[7,8],"class_list":["post-32","post","type-post","status-publish","format-standard","hentry","category-ib","tag-buro","tag-ow"],"acf":[],"_links":{"self":[{"href":"https:\/\/develop.immobilienbusiness.ch\/fr\/wp-json\/wp\/v2\/posts\/32","targetHints":{"allow":["GET"]}}],"collection":[{"href":"https:\/\/develop.immobilienbusiness.ch\/fr\/wp-json\/wp\/v2\/posts"}],"about":[{"href":"https:\/\/develop.immobilienbusiness.ch\/fr\/wp-json\/wp\/v2\/types\/post"}],"author":[{"embeddable":true,"href":"https:\/\/develop.immobilienbusiness.ch\/fr\/wp-json\/wp\/v2\/users\/23"}],"replies":[{"embeddable":true,"href":"https:\/\/develop.immobilienbusiness.ch\/fr\/wp-json\/wp\/v2\/comments?post=32"}],"version-history":[{"count":0,"href":"https:\/\/develop.immobilienbusiness.ch\/fr\/wp-json\/wp\/v2\/posts\/32\/revisions"}],"wp:attachment":[{"href":"https:\/\/develop.immobilienbusiness.ch\/fr\/wp-json\/wp\/v2\/media?parent=32"}],"wp:term":[{"taxonomy":"category","embeddable":true,"href":"https:\/\/develop.immobilienbusiness.ch\/fr\/wp-json\/wp\/v2\/categories?post=32"},{"taxonomy":"post_tag","embeddable":true,"href":"https:\/\/develop.immobilienbusiness.ch\/fr\/wp-json\/wp\/v2\/tags?post=32"}],"curies":[{"name":"wp","href":"https:\/\/api.w.org\/{rel}","templated":true}]}}