{"id":304,"date":"2020-05-11T08:51:10","date_gmt":"2020-05-11T06:51:10","guid":{"rendered":"https:\/\/develop.immobilienbusiness.ch\/de\/allgemein\/2020-05-11\/bern-migros-plant-kletterhalle-beim-westside\/"},"modified":"2020-05-11T08:51:10","modified_gmt":"2020-05-11T06:51:10","slug":"bern-migros-plant-kletterhalle-beim-westside","status":"publish","type":"post","link":"https:\/\/develop.immobilienbusiness.ch\/fr\/ib\/2020-05-11\/bern-migros-plant-kletterhalle-beim-westside\/","title":{"rendered":"Bern: Migros plant Kletterhalle beim Westside"},"content":{"rendered":"<p><a href=\"https:\/\/www.bernerzeitung.ch\/beim-westside-soll-eine-kletterhalle-entstehen-656102255033\">Die <em>Berner Zeitung<\/em> berichtet,<\/a> dass die Migros Aare beim Westside das Angebot an Freizeitnutzung ausbauen will und daf\u00fcr einen Neubau plant. Eine entsprechende Baueingabe bei der Stadt Bern sei Anfang April erfolgt und werde demn\u00e4chst publiziert. Die Kletterhalle solle sich sowohl an Hobbykletterer als auch an Spitzensportler richten und fr\u00fchestens im Sp\u00e4therbst 2021 er\u00f6ffnet werden.<\/p>\n<p>Zu den Kosten des Projektes \u00e4usserte sich die Migros nicht. Dem Bericht zufolge ist auch unklar, ob die Migros die Halle selbst betreiben wird.<\/p>","protected":false},"excerpt":{"rendered":"<p>Laut lokalen Medienberichten will die Migros Aare neben dem Einkaufszentrum Westside in Bern-Br\u00fcnnen eine Kletterhalle erstellen.<\/p>","protected":false},"author":23,"featured_media":0,"comment_status":"closed","ping_status":"closed","sticky":false,"template":"","format":"standard","meta":{"_acf_changed":false,"footnotes":""},"categories":[5],"tags":[25,11],"class_list":["post-304","post","type-post","status-publish","format-standard","hentry","category-ib","tag-be","tag-in-planung"],"acf":[],"_links":{"self":[{"href":"https:\/\/develop.immobilienbusiness.ch\/fr\/wp-json\/wp\/v2\/posts\/304","targetHints":{"allow":["GET"]}}],"collection":[{"href":"https:\/\/develop.immobilienbusiness.ch\/fr\/wp-json\/wp\/v2\/posts"}],"about":[{"href":"https:\/\/develop.immobilienbusiness.ch\/fr\/wp-json\/wp\/v2\/types\/post"}],"author":[{"embeddable":true,"href":"https:\/\/develop.immobilienbusiness.ch\/fr\/wp-json\/wp\/v2\/users\/23"}],"replies":[{"embeddable":true,"href":"https:\/\/develop.immobilienbusiness.ch\/fr\/wp-json\/wp\/v2\/comments?post=304"}],"version-history":[{"count":0,"href":"https:\/\/develop.immobilienbusiness.ch\/fr\/wp-json\/wp\/v2\/posts\/304\/revisions"}],"wp:attachment":[{"href":"https:\/\/develop.immobilienbusiness.ch\/fr\/wp-json\/wp\/v2\/media?parent=304"}],"wp:term":[{"taxonomy":"category","embeddable":true,"href":"https:\/\/develop.immobilienbusiness.ch\/fr\/wp-json\/wp\/v2\/categories?post=304"},{"taxonomy":"post_tag","embeddable":true,"href":"https:\/\/develop.immobilienbusiness.ch\/fr\/wp-json\/wp\/v2\/tags?post=304"}],"curies":[{"name":"wp","href":"https:\/\/api.w.org\/{rel}","templated":true}]}}