{"id":2826,"date":"2022-02-15T09:05:41","date_gmt":"2022-02-15T08:05:41","guid":{"rendered":"https:\/\/develop.immobilienbusiness.ch\/de\/allgemein\/2022-02-15\/schaan-hilcona-baut-hauptsitz-aus\/"},"modified":"2022-02-15T09:05:41","modified_gmt":"2022-02-15T08:05:41","slug":"schaan-hilcona-baut-hauptsitz-aus","status":"publish","type":"post","link":"https:\/\/develop.immobilienbusiness.ch\/fr\/ib\/2022-02-15\/schaan-hilcona-baut-hauptsitz-aus\/","title":{"rendered":"Schaan: Hilcona baut Hauptsitz aus"},"content":{"rendered":"<p><span><span><span>Die Erweiterung und Modernisierung des Hilcona-Hauptsitzes hat schon 2019 begonnen, eine erste Etappe ist 2021 abgeschlossen worden &#8211; ein Erweiterungsbau f\u00fcr die Herstellung von Pastagerichten. Bis zum Jahr 2024 will das Unternehmen, das zur Bell Food Group geh\u00f6rt, <span>120 Mio. CHF investieren. Im Fokus stehen dabei Technologien f\u00fcr die Herstellung von vegetarischen und veganen Lebensmitteln. <\/span><\/span><\/span><\/span><\/p>\n<p><span><span><span>Bis zum Jahr 2025 investiert Bell rund 800 Mio. CHF in den Ausbau und die Modernisierung der Produktion in der Schweiz. Neben dem Standort Schaan sind auch in Oensingen Investitionen geplant.<\/span><\/span><\/span><\/p>","protected":false},"excerpt":{"rendered":"<p><span><span><span>Der Lebensmittelhersteller Hilcona investiert rund 120 Mio. CHF in den Ausbau seines Hauptsitzes in Schaan. <\/span><\/span><\/span><\/p>","protected":false},"author":23,"featured_media":0,"comment_status":"closed","ping_status":"closed","sticky":false,"template":"","format":"standard","meta":{"_acf_changed":false,"footnotes":""},"categories":[5],"tags":[19,22],"class_list":["post-2826","post","type-post","status-publish","format-standard","hentry","category-ib","tag-in-bau","tag-industrie"],"acf":[],"_links":{"self":[{"href":"https:\/\/develop.immobilienbusiness.ch\/fr\/wp-json\/wp\/v2\/posts\/2826","targetHints":{"allow":["GET"]}}],"collection":[{"href":"https:\/\/develop.immobilienbusiness.ch\/fr\/wp-json\/wp\/v2\/posts"}],"about":[{"href":"https:\/\/develop.immobilienbusiness.ch\/fr\/wp-json\/wp\/v2\/types\/post"}],"author":[{"embeddable":true,"href":"https:\/\/develop.immobilienbusiness.ch\/fr\/wp-json\/wp\/v2\/users\/23"}],"replies":[{"embeddable":true,"href":"https:\/\/develop.immobilienbusiness.ch\/fr\/wp-json\/wp\/v2\/comments?post=2826"}],"version-history":[{"count":0,"href":"https:\/\/develop.immobilienbusiness.ch\/fr\/wp-json\/wp\/v2\/posts\/2826\/revisions"}],"wp:attachment":[{"href":"https:\/\/develop.immobilienbusiness.ch\/fr\/wp-json\/wp\/v2\/media?parent=2826"}],"wp:term":[{"taxonomy":"category","embeddable":true,"href":"https:\/\/develop.immobilienbusiness.ch\/fr\/wp-json\/wp\/v2\/categories?post=2826"},{"taxonomy":"post_tag","embeddable":true,"href":"https:\/\/develop.immobilienbusiness.ch\/fr\/wp-json\/wp\/v2\/tags?post=2826"}],"curies":[{"name":"wp","href":"https:\/\/api.w.org\/{rel}","templated":true}]}}