{"id":2790,"date":"2022-02-04T09:33:12","date_gmt":"2022-02-04T08:33:12","guid":{"rendered":"https:\/\/develop.immobilienbusiness.ch\/de\/allgemein\/2022-02-04\/basel-modehaus-grieder-bleibt-an-der-eisengasse\/"},"modified":"2022-02-04T09:33:12","modified_gmt":"2022-02-04T08:33:12","slug":"basel-modehaus-grieder-bleibt-an-der-eisengasse","status":"publish","type":"post","link":"https:\/\/develop.immobilienbusiness.ch\/fr\/ib\/2022-02-04\/basel-modehaus-grieder-bleibt-an-der-eisengasse\/","title":{"rendered":"Basel: Modehaus Grieder bleibt an der Eisengasse"},"content":{"rendered":"<p><span><span><span>Die Brunschwig Group, zu der das Modehaus Grieder geh\u00f6rt, war mit der Eigent\u00fcmerin der Liegenschaft an der Eisengasse 14, SF Urban Properties, in Konflikt geraten. Der Fonds wollte den per Januar 2022 auslaufenden Mietvertrag zun\u00e4chst nicht verl\u00e4ngern und die Fl\u00e4chen an die Warenhauskette Globus vermieten. Das Unternehmen ben\u00f6tigt ein Provisorium, weil das Warenhaus am Marktplatz w\u00e4hrend vier Jahren saniert und umgebaut wird. Nun teilt <span>Brunschwig mit, dass die Differenzen mit SF Urban Properties beigelegt seien und Grieder \u00abmindestens f\u00fcr die n\u00e4chsten f\u00fcnf Jahre\u00bb an der angestammten Adresse bleiben werde. Globus hat derweil einen anderen Standort gefunden: Das Warenhaus zieht in das heutige Outlet an der Freien Strasse 50. <\/span><\/span><\/span><\/span><\/p>","protected":false},"excerpt":{"rendered":"<p><span><span><span>Das Modehaus Grieder muss nicht z\u00fcgeln und bleibt f\u00fcr mindestens f\u00fcnf weitere Jahre an der Eisengasse 14 in Basel ans\u00e4ssig.<\/span><\/span><\/span><\/p>","protected":false},"author":23,"featured_media":0,"comment_status":"closed","ping_status":"closed","sticky":false,"template":"","format":"standard","meta":{"_acf_changed":false,"footnotes":""},"categories":[5],"tags":[2,16,40],"class_list":["post-2790","post","type-post","status-publish","format-standard","hentry","category-ib","tag-bs","tag-retail","tag-vermietung"],"acf":[],"_links":{"self":[{"href":"https:\/\/develop.immobilienbusiness.ch\/fr\/wp-json\/wp\/v2\/posts\/2790","targetHints":{"allow":["GET"]}}],"collection":[{"href":"https:\/\/develop.immobilienbusiness.ch\/fr\/wp-json\/wp\/v2\/posts"}],"about":[{"href":"https:\/\/develop.immobilienbusiness.ch\/fr\/wp-json\/wp\/v2\/types\/post"}],"author":[{"embeddable":true,"href":"https:\/\/develop.immobilienbusiness.ch\/fr\/wp-json\/wp\/v2\/users\/23"}],"replies":[{"embeddable":true,"href":"https:\/\/develop.immobilienbusiness.ch\/fr\/wp-json\/wp\/v2\/comments?post=2790"}],"version-history":[{"count":0,"href":"https:\/\/develop.immobilienbusiness.ch\/fr\/wp-json\/wp\/v2\/posts\/2790\/revisions"}],"wp:attachment":[{"href":"https:\/\/develop.immobilienbusiness.ch\/fr\/wp-json\/wp\/v2\/media?parent=2790"}],"wp:term":[{"taxonomy":"category","embeddable":true,"href":"https:\/\/develop.immobilienbusiness.ch\/fr\/wp-json\/wp\/v2\/categories?post=2790"},{"taxonomy":"post_tag","embeddable":true,"href":"https:\/\/develop.immobilienbusiness.ch\/fr\/wp-json\/wp\/v2\/tags?post=2790"}],"curies":[{"name":"wp","href":"https:\/\/api.w.org\/{rel}","templated":true}]}}