{"id":2781,"date":"2022-01-24T09:50:38","date_gmt":"2022-01-24T08:50:38","guid":{"rendered":"https:\/\/develop.immobilienbusiness.ch\/de\/allgemein\/2022-01-24\/spreitenbach-farmy-mietet-im-ecopark\/"},"modified":"2022-01-24T09:50:38","modified_gmt":"2022-01-24T08:50:38","slug":"spreitenbach-farmy-mietet-im-ecopark","status":"publish","type":"post","link":"https:\/\/develop.immobilienbusiness.ch\/fr\/ib\/2022-01-24\/spreitenbach-farmy-mietet-im-ecopark\/","title":{"rendered":"Spreitenbach: Farmy mietet im Ecopark"},"content":{"rendered":"<p><span><span><span>Bislang war Farmy in Z\u00fcrich Altstetten ans\u00e4ssig, Ende dieses Jahres wird der Online-H\u00e4ndler seinen Hauptsitz im Ecopark Tivoli an der Pfadackerstrasse 10 in Spreitenbach beziehen. Er hat dort 7.000 qm Gewerbe- und Lagerfl\u00e4che angemietet. Derzeit wird die Liegenschaft einer \u00f6kologischen Sanierung unterzogen; <\/span><\/span><\/span><span><span><span>Eigent\u00fcmerin Kirkbi vermietet insgesamt 20.000 qm B\u00fcro-, Gewerbe- und Lagerfl\u00e4chen. Der Ecopark liegt gleich neben dem Einkaufscenter Shoppi Tivoli, eine Passerelle verbindet die beiden Geb\u00e4ude.<\/span><\/span><\/span><\/p>\n<p><span><span><span>Auf Eigent\u00fcmerseite war H&amp;B Real Estate an der Vermietung beteiligt, JLL hat Farmy bei der Standortsuche beraten. <\/span><\/span><\/span><\/p>","protected":false},"excerpt":{"rendered":"<p><span><span><span>Der Z\u00fcrcher Online-Lebensmittelh\u00e4ndler Farmy wird im Sommer 2022 einen seinen Hauptsitz in den Ecopark Tivoli in Spreitenbach (AG) verlegen.<\/span><\/span><\/span><\/p>","protected":false},"author":23,"featured_media":0,"comment_status":"closed","ping_status":"closed","sticky":false,"template":"","format":"standard","meta":{"_acf_changed":false,"footnotes":""},"categories":[5],"tags":[6,40],"class_list":["post-2781","post","type-post","status-publish","format-standard","hentry","category-ib","tag-ag","tag-vermietung"],"acf":[],"_links":{"self":[{"href":"https:\/\/develop.immobilienbusiness.ch\/fr\/wp-json\/wp\/v2\/posts\/2781","targetHints":{"allow":["GET"]}}],"collection":[{"href":"https:\/\/develop.immobilienbusiness.ch\/fr\/wp-json\/wp\/v2\/posts"}],"about":[{"href":"https:\/\/develop.immobilienbusiness.ch\/fr\/wp-json\/wp\/v2\/types\/post"}],"author":[{"embeddable":true,"href":"https:\/\/develop.immobilienbusiness.ch\/fr\/wp-json\/wp\/v2\/users\/23"}],"replies":[{"embeddable":true,"href":"https:\/\/develop.immobilienbusiness.ch\/fr\/wp-json\/wp\/v2\/comments?post=2781"}],"version-history":[{"count":0,"href":"https:\/\/develop.immobilienbusiness.ch\/fr\/wp-json\/wp\/v2\/posts\/2781\/revisions"}],"wp:attachment":[{"href":"https:\/\/develop.immobilienbusiness.ch\/fr\/wp-json\/wp\/v2\/media?parent=2781"}],"wp:term":[{"taxonomy":"category","embeddable":true,"href":"https:\/\/develop.immobilienbusiness.ch\/fr\/wp-json\/wp\/v2\/categories?post=2781"},{"taxonomy":"post_tag","embeddable":true,"href":"https:\/\/develop.immobilienbusiness.ch\/fr\/wp-json\/wp\/v2\/tags?post=2781"}],"curies":[{"name":"wp","href":"https:\/\/api.w.org\/{rel}","templated":true}]}}