{"id":2746,"date":"2022-01-26T09:32:02","date_gmt":"2022-01-26T08:32:02","guid":{"rendered":"https:\/\/develop.immobilienbusiness.ch\/de\/allgemein\/2022-01-26\/bern-wohnbevolkerung-nimmt-leicht-ab\/"},"modified":"2022-01-26T09:32:02","modified_gmt":"2022-01-26T08:32:02","slug":"bern-wohnbevolkerung-nimmt-leicht-ab","status":"publish","type":"post","link":"https:\/\/develop.immobilienbusiness.ch\/fr\/ib\/2022-01-26\/bern-wohnbevolkerung-nimmt-leicht-ab\/","title":{"rendered":"Bern: Wohnbev\u00f6lkerung nimmt leicht ab"},"content":{"rendered":"<p><span><span><span>Laut Statistik Stadt Bern ist leichte Abnahme der Bev\u00f6lkerung darauf zur\u00fcckzuf\u00fchren, dass aufgrund der Covid-19-Pandemie mehr Personen abgewandert als zugezogen sind. 2021 verzeichneten die Statistiker einen negativen Wanderungssaldo von 370 Personen, d.h. es sind mehr Menschen aus Bern weg- als zugezogen. Der positive Geburtensaldo von 220 Personen gleiche das teilweise aus. <\/span><\/span><\/span><\/p>","protected":false},"excerpt":{"rendered":"<p><span><span><span>Ende 2021 lebten 143.154 Personen in Bern, das sind 68 weniger als Ende 2020. <\/span><\/span><\/span><\/p>","protected":false},"author":23,"featured_media":0,"comment_status":"closed","ping_status":"closed","sticky":false,"template":"","format":"standard","meta":{"_acf_changed":false,"footnotes":""},"categories":[5],"tags":[25],"class_list":["post-2746","post","type-post","status-publish","format-standard","hentry","category-ib","tag-be"],"acf":[],"_links":{"self":[{"href":"https:\/\/develop.immobilienbusiness.ch\/fr\/wp-json\/wp\/v2\/posts\/2746","targetHints":{"allow":["GET"]}}],"collection":[{"href":"https:\/\/develop.immobilienbusiness.ch\/fr\/wp-json\/wp\/v2\/posts"}],"about":[{"href":"https:\/\/develop.immobilienbusiness.ch\/fr\/wp-json\/wp\/v2\/types\/post"}],"author":[{"embeddable":true,"href":"https:\/\/develop.immobilienbusiness.ch\/fr\/wp-json\/wp\/v2\/users\/23"}],"replies":[{"embeddable":true,"href":"https:\/\/develop.immobilienbusiness.ch\/fr\/wp-json\/wp\/v2\/comments?post=2746"}],"version-history":[{"count":0,"href":"https:\/\/develop.immobilienbusiness.ch\/fr\/wp-json\/wp\/v2\/posts\/2746\/revisions"}],"wp:attachment":[{"href":"https:\/\/develop.immobilienbusiness.ch\/fr\/wp-json\/wp\/v2\/media?parent=2746"}],"wp:term":[{"taxonomy":"category","embeddable":true,"href":"https:\/\/develop.immobilienbusiness.ch\/fr\/wp-json\/wp\/v2\/categories?post=2746"},{"taxonomy":"post_tag","embeddable":true,"href":"https:\/\/develop.immobilienbusiness.ch\/fr\/wp-json\/wp\/v2\/tags?post=2746"}],"curies":[{"name":"wp","href":"https:\/\/api.w.org\/{rel}","templated":true}]}}