{"id":268,"date":"2020-05-03T21:08:11","date_gmt":"2020-05-03T19:08:11","guid":{"rendered":"https:\/\/develop.immobilienbusiness.ch\/de\/allgemein\/2020-05-03\/in-andermatt-reuss-steigen-die-immobilienpreise\/"},"modified":"2020-05-03T21:08:11","modified_gmt":"2020-05-03T19:08:11","slug":"in-andermatt-reuss-steigen-die-immobilienpreise","status":"publish","type":"post","link":"https:\/\/develop.immobilienbusiness.ch\/fr\/ib\/2020-05-03\/in-andermatt-reuss-steigen-die-immobilienpreise\/","title":{"rendered":"In Andermatt Reuss steigen die Immobilienpreise"},"content":{"rendered":"<p>Das Nachfragewachstum liege im zweistelligen Prozentbereich und sei auf die Fertigstellung der ersten Etappe Andermatt Reuss sowie der SkiArena Andermatt-Sedrun zur\u00fcckzuf\u00fchren, teilt Andermatt Swiss Alps mit. \u00abMit der moderaten Preiserh\u00f6hung reagieren wir auf den massiven Ausbau der Infrastruktur in Andermatt\u00bb, sagt Franz-Xaver Simmen, CEO der Andermatt Swiss Alps AG.<\/p>\n<p>Mit der Skigebietsverbindung Andermatt-Sedrun, dem \u00f6ffentlich zug\u00e4nglichen Schwimmbad mit Wellness und Fitness in den Gotthard Residences sowie den Restaurants und Shops rund um die Piazza Gottardo sei das Angebot f\u00fcr G\u00e4ste und K\u00e4ufer massiv ausgebaut worden, so Simmen weiter. Ab M\u00e4rz 2019 komme die Konzerthalle mit 700 Sitzpl\u00e4tzen hinzu. Dies alles rechtfertige eine Preiserh\u00f6hung. Das Interesse grosser Investoren und internationaler Ferien- und Reiseanbieter zeige, dass Andermatt zur\u00fcck auf der touristischen Landkarte sei.<\/p>","protected":false},"excerpt":{"rendered":"<p>Die Andermatt Swiss Alps AG hat angek\u00fcndigt, per Januar 2019 die Immobilienpreise je nach Wohnung und Lage um f\u00fcnf bis zehn Prozent zu erh\u00f6hen. Grund sei die steigende Nachfrage nach den Ferienwohnungen in Andermatt Reuss.<\/p>","protected":false},"author":23,"featured_media":0,"comment_status":"closed","ping_status":"closed","sticky":false,"template":"","format":"standard","meta":{"_acf_changed":false,"footnotes":""},"categories":[5],"tags":[46,21],"class_list":["post-268","post","type-post","status-publish","format-standard","hentry","category-ib","tag-ferien-wohnung","tag-ur"],"acf":[],"_links":{"self":[{"href":"https:\/\/develop.immobilienbusiness.ch\/fr\/wp-json\/wp\/v2\/posts\/268","targetHints":{"allow":["GET"]}}],"collection":[{"href":"https:\/\/develop.immobilienbusiness.ch\/fr\/wp-json\/wp\/v2\/posts"}],"about":[{"href":"https:\/\/develop.immobilienbusiness.ch\/fr\/wp-json\/wp\/v2\/types\/post"}],"author":[{"embeddable":true,"href":"https:\/\/develop.immobilienbusiness.ch\/fr\/wp-json\/wp\/v2\/users\/23"}],"replies":[{"embeddable":true,"href":"https:\/\/develop.immobilienbusiness.ch\/fr\/wp-json\/wp\/v2\/comments?post=268"}],"version-history":[{"count":0,"href":"https:\/\/develop.immobilienbusiness.ch\/fr\/wp-json\/wp\/v2\/posts\/268\/revisions"}],"wp:attachment":[{"href":"https:\/\/develop.immobilienbusiness.ch\/fr\/wp-json\/wp\/v2\/media?parent=268"}],"wp:term":[{"taxonomy":"category","embeddable":true,"href":"https:\/\/develop.immobilienbusiness.ch\/fr\/wp-json\/wp\/v2\/categories?post=268"},{"taxonomy":"post_tag","embeddable":true,"href":"https:\/\/develop.immobilienbusiness.ch\/fr\/wp-json\/wp\/v2\/tags?post=268"}],"curies":[{"name":"wp","href":"https:\/\/api.w.org\/{rel}","templated":true}]}}