{"id":2559,"date":"2021-12-01T11:10:47","date_gmt":"2021-12-01T10:10:47","guid":{"rendered":"https:\/\/develop.immobilienbusiness.ch\/de\/allgemein\/2021-12-01\/basel-plane-fur-neuen-quartierpark-im-st-johann\/"},"modified":"2021-12-01T11:10:47","modified_gmt":"2021-12-01T10:10:47","slug":"basel-plane-fur-neuen-quartierpark-im-st-johann","status":"publish","type":"post","link":"https:\/\/develop.immobilienbusiness.ch\/fr\/ib\/2021-12-01\/basel-plane-fur-neuen-quartierpark-im-st-johann\/","title":{"rendered":"Basel: Pl\u00e4ne f\u00fcr neuen Quartierpark im St. Johann"},"content":{"rendered":"<p><span><span><span>Das Areal VoltaNord entwickelt sich vom Industriestandort zu einem durchmischten Teil des St. Johann-Quartiers. Um eine hohe Wohnqualit\u00e4t sicherzustellen, ist unter anderem ein Quartierpark entlang der Bahngeleise geplant, der zuk\u00fcnftige Saint-Louis-Park. Er soll mit seinen 22.200 qm Fl\u00e4che als eine \u00abgr\u00fcne Lunge\u00bb und Naturoase des St. Johann-Quartiers fungieren und der Bev\u00f6lkerung als Aufenthalts-, Spiel- und Erholungsraum dienen.<\/span><\/span><\/span><\/p>\n<p><span><span><span>Das Projekt Mosaik des Teams Landschaftsarchitekturb\u00fcro Skala Landschaft Stadt Raum und Regula M\u00fcller \u00d6koberatung hat den Wettbewerb gewonnen, da es aus Sicht der Fachjury vielf\u00e4ltige Nutzungsm\u00f6glichkeiten wie eine bespielbare Wiese und einen Spielbereich mit begehbarem Brunnen vorsieht, und zugleich konkrete Vorschl\u00e4ge zur F\u00f6rderung der Biodiversit\u00e4t und im Umgang mit dem Klimawandel macht. <\/span><\/span><\/span><\/p>\n<p><span><span><span>Der Projektbeitrag biete aufgrund der klaren Nutzungsgliederung auch \u00abbeste Voraussetzungen f\u00fcr ein reibungsloses Miteinander von Mensch und Natur\u00bb, heisst es weiter: Intensivere und potenziell l\u00e4rmigere Nutzungen w\u00fcrden mit Abstand zu Wohngeb\u00e4uden platziert. Die ganz im Westen vorgesehenen Naturschutzfl\u00e4chen seien von den st\u00e4rker genutzten Aufenthalts- und Spielfl\u00e4chen getrennt. Die weitere Ausgestaltung der Gr\u00fcnanlage werde unter Mitwirkung des Quartiers pr\u00e4zisiert.<\/span><\/span><\/span><\/p>","protected":false},"excerpt":{"rendered":"<p><span><span><span>Im Entwicklungsareal VoltaNord, ehemals Lysb\u00fcchel, ist ein Quartierpark geplant. Den Gestaltungswettbewerb hat das Projekt Mosaik des Z\u00fcrcher Landschaftsarchitekturb\u00fcros Skala Landschaft Stadt Raum gewonnen.<\/span><\/span><\/span><\/p>","protected":false},"author":23,"featured_media":0,"comment_status":"closed","ping_status":"closed","sticky":false,"template":"","format":"standard","meta":{"_acf_changed":false,"footnotes":""},"categories":[5],"tags":[2],"class_list":["post-2559","post","type-post","status-publish","format-standard","hentry","category-ib","tag-bs"],"acf":[],"_links":{"self":[{"href":"https:\/\/develop.immobilienbusiness.ch\/fr\/wp-json\/wp\/v2\/posts\/2559","targetHints":{"allow":["GET"]}}],"collection":[{"href":"https:\/\/develop.immobilienbusiness.ch\/fr\/wp-json\/wp\/v2\/posts"}],"about":[{"href":"https:\/\/develop.immobilienbusiness.ch\/fr\/wp-json\/wp\/v2\/types\/post"}],"author":[{"embeddable":true,"href":"https:\/\/develop.immobilienbusiness.ch\/fr\/wp-json\/wp\/v2\/users\/23"}],"replies":[{"embeddable":true,"href":"https:\/\/develop.immobilienbusiness.ch\/fr\/wp-json\/wp\/v2\/comments?post=2559"}],"version-history":[{"count":0,"href":"https:\/\/develop.immobilienbusiness.ch\/fr\/wp-json\/wp\/v2\/posts\/2559\/revisions"}],"wp:attachment":[{"href":"https:\/\/develop.immobilienbusiness.ch\/fr\/wp-json\/wp\/v2\/media?parent=2559"}],"wp:term":[{"taxonomy":"category","embeddable":true,"href":"https:\/\/develop.immobilienbusiness.ch\/fr\/wp-json\/wp\/v2\/categories?post=2559"},{"taxonomy":"post_tag","embeddable":true,"href":"https:\/\/develop.immobilienbusiness.ch\/fr\/wp-json\/wp\/v2\/tags?post=2559"}],"curies":[{"name":"wp","href":"https:\/\/api.w.org\/{rel}","templated":true}]}}