{"id":2481,"date":"2021-11-09T09:42:58","date_gmt":"2021-11-09T08:42:58","guid":{"rendered":"https:\/\/develop.immobilienbusiness.ch\/de\/allgemein\/2021-11-09\/hertenstein-villa-senar-soll-kulturzentrum-werden\/"},"modified":"2021-11-09T09:42:58","modified_gmt":"2021-11-09T08:42:58","slug":"hertenstein-villa-senar-soll-kulturzentrum-werden","status":"publish","type":"post","link":"https:\/\/develop.immobilienbusiness.ch\/fr\/ib\/2021-11-09\/hertenstein-villa-senar-soll-kulturzentrum-werden\/","title":{"rendered":"Hertenstein: Villa Senar soll Kulturzentrum werden"},"content":{"rendered":"<p><span><span><span><span><span><span><span>Serge Rachmaninoff (1873-1943) hat die Villa Senar in den 1930er Jahren in Hertenstein, direkt am Vierwaldst\u00e4ttersee, erbauen lassen. Heute gelten die Villa und weiteren Geb\u00e4ude in der 20.000 qm grossen Parkanlage als bedeutende Zeugin des Neuen Bauens in der Schweiz und stehen unter Denkmalschutz. Die Villa Senar und das darin befindliche Mobiliar, etwa ein spezialangefertigter Steinway-Fl\u00fcgel, seien in nahezu originalem Zustand erhalten, schreibt der Luzerner Regierungsrat in einer Mitteilung.<\/span><\/span><\/span><\/span><\/span><\/span><\/span><\/p>\n<p><span><span><span><span><span><span><span>Die Luzerner Kantonsregierung plant, die Anlage Senar als Kulturzentrum zu etablieren. Dazu will der Kanton Luzern als Eigent\u00fcmer die Sanierung und den Unterhalt der Liegenschaft sicherstellen sowie die Villa f\u00fcr die Veranstaltung kleinerer Anl\u00e4sse selber nutzen oder Veranstaltern zur Verf\u00fcgung stellen. Das eigentliche kulturelle Angebot soll von der Stiftung Serge Rachmaninoff organisiert werden. <\/span><\/span><\/span><\/span><\/span><\/span><\/span><\/p>\n<p><span><span><span><span><span><span><span>Der Regierungsrat hat sich eigenen Angaben zufolge mit den gesetzlichen Erben Rachmaninoffs auf einen Betrag von 8 Mio. CHF f\u00fcr den Kauf der Liegenschaft geeinigt. Hinzu kommen Grundst\u00fcckgewinnsteuern und Geb\u00fchren sowie die Kosten f\u00fcr die Sanierung und f\u00fcr den Unterhalt und den Betrieb auf zehn Jahre berechnet, was einen Gesamtbetrag von 15,45 Mio. ergebe, so der Regierungsrat. Der Kantonsrat muss dem Kauf noch zustimmen. <\/span><\/span><\/span><\/span><\/span><\/span><\/span><\/p>","protected":false},"excerpt":{"rendered":"<p><span><span><span><span><span><span><span>Der Luzerner Regierungsrat will die in Hertenstein gelegene Villa Senar des Pianisten und Komponisten Serge Rachmaninoff kaufen. Sie soll k\u00fcnftig als Kulturzentrum genutzt werden. <\/span><\/span><\/span><\/span><\/span><\/span><\/span><\/p>","protected":false},"author":23,"featured_media":0,"comment_status":"closed","ping_status":"closed","sticky":false,"template":"","format":"standard","meta":{"_acf_changed":false,"footnotes":""},"categories":[5],"tags":[10,41],"class_list":["post-2481","post","type-post","status-publish","format-standard","hentry","category-ib","tag-lu","tag-verkauf"],"acf":[],"_links":{"self":[{"href":"https:\/\/develop.immobilienbusiness.ch\/fr\/wp-json\/wp\/v2\/posts\/2481","targetHints":{"allow":["GET"]}}],"collection":[{"href":"https:\/\/develop.immobilienbusiness.ch\/fr\/wp-json\/wp\/v2\/posts"}],"about":[{"href":"https:\/\/develop.immobilienbusiness.ch\/fr\/wp-json\/wp\/v2\/types\/post"}],"author":[{"embeddable":true,"href":"https:\/\/develop.immobilienbusiness.ch\/fr\/wp-json\/wp\/v2\/users\/23"}],"replies":[{"embeddable":true,"href":"https:\/\/develop.immobilienbusiness.ch\/fr\/wp-json\/wp\/v2\/comments?post=2481"}],"version-history":[{"count":0,"href":"https:\/\/develop.immobilienbusiness.ch\/fr\/wp-json\/wp\/v2\/posts\/2481\/revisions"}],"wp:attachment":[{"href":"https:\/\/develop.immobilienbusiness.ch\/fr\/wp-json\/wp\/v2\/media?parent=2481"}],"wp:term":[{"taxonomy":"category","embeddable":true,"href":"https:\/\/develop.immobilienbusiness.ch\/fr\/wp-json\/wp\/v2\/categories?post=2481"},{"taxonomy":"post_tag","embeddable":true,"href":"https:\/\/develop.immobilienbusiness.ch\/fr\/wp-json\/wp\/v2\/tags?post=2481"}],"curies":[{"name":"wp","href":"https:\/\/api.w.org\/{rel}","templated":true}]}}