{"id":2459,"date":"2021-11-03T08:39:54","date_gmt":"2021-11-03T07:39:54","guid":{"rendered":"https:\/\/develop.immobilienbusiness.ch\/de\/allgemein\/2021-11-03\/winterthur-neue-mieter-fur-die-lokstadt\/"},"modified":"2021-11-03T08:39:54","modified_gmt":"2021-11-03T07:39:54","slug":"winterthur-neue-mieter-fur-die-lokstadt","status":"publish","type":"post","link":"https:\/\/develop.immobilienbusiness.ch\/fr\/ib\/2021-11-03\/winterthur-neue-mieter-fur-die-lokstadt\/","title":{"rendered":"Winterthur: Neue Mieter f\u00fcr die Lokstadt"},"content":{"rendered":"<p><span><span><span>Marc Pointet, CEO von Ina Invest, sagt, er sei zuversichtlich, die Lokstadt-Hallen bis Ende Jahr vollst\u00e4ndig vermietet zu haben. Auf insgesamt 8.200 qm sollen \u00abvielseitige, publikumswirksame Nutzungen unter einem Dach zusammengef\u00fchrt\u00bb werden. <a href=\"https:\/\/db.immobilienbusiness.ch\/de\/2021-10-18\/winterthur-radisson-plant-hotel-in-der-lokstadt\">So steht bereits fest, dass die deutsche Success Hotel Group als Franchisenehmerin in der Lokstadt das erste Radisson Red Hotel der Schweiz er\u00f6ffnen wird. <\/a>Das Hotel wird eine Fl\u00e4che von 6.600 qm in der Halle Habersack, Teilen der Halle Draisine und des Kopfbaus sowie im angrenzenden Tigerli belegen und rund 180 Zimmer sowie eine Gastronomie bieten. Das Baugesuch f\u00fcr das Hotel soll nach Angaben von Ina Invest Ende dieses Jahres eingereicht werden. Der Baubeginn ist f\u00fcr Sommer 2022 geplant, und im Herbst 2024 soll das Hotel bezugsfertig sein.<\/span><\/span><\/span><\/p>\n<p><span><span><span>F\u00fcr die restliche, 930 qm grosse Fl\u00e4che in der Halle Draisine ist ein Mietvertrag mit der Stadt Winterthur unterzeichnet worden. Die Stadt will dort zwei Primarschul- sowie zwei Kindergartenklassen unterbringen. Neben den Klassenr\u00e4umen werden die Kinder auch eine 300 qm grosse Dachterrasse nutzen k\u00f6nnen. Das Baugesuch f\u00fcr den Kindergarten ist bereits eingereicht, die Baubewilligung wird bis Ende dieses Jahres erwartet. Zu Beginn des Schuljahres 2023\/2024 soll der Kindergarten in Betrieb genommen werden. <\/span><\/span><\/span><\/p>\n<p><span><span><span>F\u00fcr die Fl\u00e4chen in der Halle Rapide seien Vertragsverhandlungen mit einem weiteren Ankermieter \u00abweit fortgeschritten\u00bb, teilt Ina Invest mit. Unterdessen ist am 2. November die Aufrichte f\u00fcr die Geb\u00e4ude Tender und Elefant gefeiert worden. <\/span><\/span><\/span><\/p>","protected":false},"excerpt":{"rendered":"<p><span><span><span>Die Hallen der Lokstadt in Winterthur k\u00f6nnten bis Ende Jahr vollst\u00e4ndig vermietet sein, teilt die Eigent\u00fcmerin Ina Invest mit. Zwei grosse Mietvertr\u00e4ge seien bereits unterzeichnet, Verhandlungen mit einem weiteren Ankermieter laufen.<\/span><\/span><\/span><\/p>","protected":false},"author":23,"featured_media":0,"comment_status":"closed","ping_status":"closed","sticky":false,"template":"","format":"standard","meta":{"_acf_changed":false,"footnotes":""},"categories":[5],"tags":[9,17,40,42],"class_list":["post-2459","post","type-post","status-publish","format-standard","hentry","category-ib","tag-hotels","tag-verfugbare-flache","tag-vermietung","tag-zh"],"acf":[],"_links":{"self":[{"href":"https:\/\/develop.immobilienbusiness.ch\/fr\/wp-json\/wp\/v2\/posts\/2459","targetHints":{"allow":["GET"]}}],"collection":[{"href":"https:\/\/develop.immobilienbusiness.ch\/fr\/wp-json\/wp\/v2\/posts"}],"about":[{"href":"https:\/\/develop.immobilienbusiness.ch\/fr\/wp-json\/wp\/v2\/types\/post"}],"author":[{"embeddable":true,"href":"https:\/\/develop.immobilienbusiness.ch\/fr\/wp-json\/wp\/v2\/users\/23"}],"replies":[{"embeddable":true,"href":"https:\/\/develop.immobilienbusiness.ch\/fr\/wp-json\/wp\/v2\/comments?post=2459"}],"version-history":[{"count":0,"href":"https:\/\/develop.immobilienbusiness.ch\/fr\/wp-json\/wp\/v2\/posts\/2459\/revisions"}],"wp:attachment":[{"href":"https:\/\/develop.immobilienbusiness.ch\/fr\/wp-json\/wp\/v2\/media?parent=2459"}],"wp:term":[{"taxonomy":"category","embeddable":true,"href":"https:\/\/develop.immobilienbusiness.ch\/fr\/wp-json\/wp\/v2\/categories?post=2459"},{"taxonomy":"post_tag","embeddable":true,"href":"https:\/\/develop.immobilienbusiness.ch\/fr\/wp-json\/wp\/v2\/tags?post=2459"}],"curies":[{"name":"wp","href":"https:\/\/api.w.org\/{rel}","templated":true}]}}