{"id":2438,"date":"2021-10-28T08:56:42","date_gmt":"2021-10-28T06:56:42","guid":{"rendered":"https:\/\/develop.immobilienbusiness.ch\/de\/allgemein\/2021-10-28\/zurich-audemars-piguet-mietet-im-leuenhof\/"},"modified":"2021-10-28T08:56:42","modified_gmt":"2021-10-28T06:56:42","slug":"zurich-audemars-piguet-mietet-im-leuenhof","status":"publish","type":"post","link":"https:\/\/develop.immobilienbusiness.ch\/fr\/ib\/2021-10-28\/zurich-audemars-piguet-mietet-im-leuenhof\/","title":{"rendered":"Z\u00fcrich: Audemars Piguet mietet im Leuenhof"},"content":{"rendered":"<p><span><span><span>Die Ansiedlung von Audemars Piguet im Leuenhof bezeichnet die Swiss Prime Anlagestiftung (SPA) als \u00abgrossen Vermietungserfolg\u00bb. \u00abWir freuen uns sehr \u00fcber den langfristigen Vertragsabschluss, vor allem im momentan herausfordernden Marktumfeld\u00bb, sagt Marcel Hug, Gesch\u00e4ftsf\u00fchrer der SPA. Die SPA hat das traditionsreiche, ehemalige Bankhaus an der Bahnhofstrasse, nur wenige Schritte vom Paradeplatz entfernt, 2016 von der Credit Suisse erworben und in den letzten Jahren aufw\u00e4ndig saniert.<\/span><\/span><\/span><\/p>\n<p><span><span><span>Audemars Piguet wird die knapp 800 qm grosse Schalterhalle in dem markanten Jugendstil-Geb\u00e4ude Anfang 2022 beziehen. Neben der optimalen Lage des Leuenhofs f\u00fcr das Luxuslabel sei die Umsetzung eines neuen Verkaufsorts auf der grossen Fl\u00e4chen ideal durchf\u00fchrbar, so SPA. Zugleich k\u00f6nne die Uhrenmanufaktur ihre Kundschaft in der historisch edlen Gesch\u00e4ftsumgebung diskret und anspruchsvoll bedienen.<\/span><\/span><\/span><\/p>","protected":false},"excerpt":{"rendered":"<p><span><span><span>Audemars Piguet siedelt sich in der Schalterhalle des Leuenhofs in Z\u00fcrich an. Vermieterin der Verkaufsfl\u00e4che ist die Swiss Prime Anlagestiftung.<\/span><\/span><\/span><\/p>","protected":false},"author":23,"featured_media":0,"comment_status":"closed","ping_status":"closed","sticky":false,"template":"","format":"standard","meta":{"_acf_changed":false,"footnotes":""},"categories":[5],"tags":[16,40,42],"class_list":["post-2438","post","type-post","status-publish","format-standard","hentry","category-ib","tag-retail","tag-vermietung","tag-zh"],"acf":[],"_links":{"self":[{"href":"https:\/\/develop.immobilienbusiness.ch\/fr\/wp-json\/wp\/v2\/posts\/2438","targetHints":{"allow":["GET"]}}],"collection":[{"href":"https:\/\/develop.immobilienbusiness.ch\/fr\/wp-json\/wp\/v2\/posts"}],"about":[{"href":"https:\/\/develop.immobilienbusiness.ch\/fr\/wp-json\/wp\/v2\/types\/post"}],"author":[{"embeddable":true,"href":"https:\/\/develop.immobilienbusiness.ch\/fr\/wp-json\/wp\/v2\/users\/23"}],"replies":[{"embeddable":true,"href":"https:\/\/develop.immobilienbusiness.ch\/fr\/wp-json\/wp\/v2\/comments?post=2438"}],"version-history":[{"count":0,"href":"https:\/\/develop.immobilienbusiness.ch\/fr\/wp-json\/wp\/v2\/posts\/2438\/revisions"}],"wp:attachment":[{"href":"https:\/\/develop.immobilienbusiness.ch\/fr\/wp-json\/wp\/v2\/media?parent=2438"}],"wp:term":[{"taxonomy":"category","embeddable":true,"href":"https:\/\/develop.immobilienbusiness.ch\/fr\/wp-json\/wp\/v2\/categories?post=2438"},{"taxonomy":"post_tag","embeddable":true,"href":"https:\/\/develop.immobilienbusiness.ch\/fr\/wp-json\/wp\/v2\/tags?post=2438"}],"curies":[{"name":"wp","href":"https:\/\/api.w.org\/{rel}","templated":true}]}}