{"id":2374,"date":"2021-10-11T11:37:59","date_gmt":"2021-10-11T09:37:59","guid":{"rendered":"https:\/\/develop.immobilienbusiness.ch\/de\/allgemein\/2021-10-11\/thun-previs-plant-ersatz-fur-wohnsiedlung\/"},"modified":"2021-10-11T11:37:59","modified_gmt":"2021-10-11T09:37:59","slug":"thun-previs-plant-ersatz-fur-wohnsiedlung","status":"publish","type":"post","link":"https:\/\/develop.immobilienbusiness.ch\/fr\/ib\/2021-10-11\/thun-previs-plant-ersatz-fur-wohnsiedlung\/","title":{"rendered":"Thun: Previs plant Ersatz f\u00fcr Wohnsiedlung"},"content":{"rendered":"<p><span><span>Die drei Geb\u00e4udekomplexe der Previs Vorsorge an der Bubenberg- und von May-Strasse stammen aus den 1980er Jahren und sind sanierungsbed\u00fcrftig, jedoch ist aus Sicht der Eigent\u00fcmerin aus energetisch-\u00f6kologischen, st\u00e4dtebaulichen und wirtschaftlichen Gr\u00fcnden keine Option. Daher will Previs eine neue Wohn\u00fcberbauung an dem Standort erstellen. <\/span><\/span><\/p>\n<p><span><span>F\u00fcr das Bauprojekt ist eine Zonenplan\u00e4nderung n\u00f6tig, die in der Mitwirkung auf breite Zustimmung gestossen ist, und auch das Amt f\u00fcr Gemeinden und Raumordnung des Kantons Bern hat die Planung positiv vorgepr\u00fcft. Nun liegen die Unterlagen bis 11. November 2021 \u00f6ffentlich auf. <\/span><\/span><\/p>\n<p><span><span>Nach der \u00f6ffentlichen Planauflage will der Thuner Stadtrat die Zonenplan\u00e4nderung im Fr\u00fchling 2022 behandeln. Der Beschluss untersteht dem fakultativen Referendum. Im Sommer 2022 d\u00fcrfte die rechtsg\u00fcltige Planung vorliegen. Anschliessend soll ein Architekturwettbewerb durchgef\u00fchrt werden. <\/span><\/span><\/p>","protected":false},"excerpt":{"rendered":"<p><span><span><span>Die Pensionskasse Previs Vorsorge will ihre Siedlung im Thuner Bostudenquartier durch eine neue Wohn\u00fcberbauung ersetzen. Die daf\u00fcr notwendige Zonenplan\u00e4nderung liegt derzeit \u00f6ffentlich auf.<\/span><\/span><\/span><\/p>","protected":false},"author":23,"featured_media":0,"comment_status":"closed","ping_status":"closed","sticky":false,"template":"","format":"standard","meta":{"_acf_changed":false,"footnotes":""},"categories":[5],"tags":[25,11,4],"class_list":["post-2374","post","type-post","status-publish","format-standard","hentry","category-ib","tag-be","tag-in-planung","tag-mehrfamilienhaus-miete"],"acf":[],"_links":{"self":[{"href":"https:\/\/develop.immobilienbusiness.ch\/fr\/wp-json\/wp\/v2\/posts\/2374","targetHints":{"allow":["GET"]}}],"collection":[{"href":"https:\/\/develop.immobilienbusiness.ch\/fr\/wp-json\/wp\/v2\/posts"}],"about":[{"href":"https:\/\/develop.immobilienbusiness.ch\/fr\/wp-json\/wp\/v2\/types\/post"}],"author":[{"embeddable":true,"href":"https:\/\/develop.immobilienbusiness.ch\/fr\/wp-json\/wp\/v2\/users\/23"}],"replies":[{"embeddable":true,"href":"https:\/\/develop.immobilienbusiness.ch\/fr\/wp-json\/wp\/v2\/comments?post=2374"}],"version-history":[{"count":0,"href":"https:\/\/develop.immobilienbusiness.ch\/fr\/wp-json\/wp\/v2\/posts\/2374\/revisions"}],"wp:attachment":[{"href":"https:\/\/develop.immobilienbusiness.ch\/fr\/wp-json\/wp\/v2\/media?parent=2374"}],"wp:term":[{"taxonomy":"category","embeddable":true,"href":"https:\/\/develop.immobilienbusiness.ch\/fr\/wp-json\/wp\/v2\/categories?post=2374"},{"taxonomy":"post_tag","embeddable":true,"href":"https:\/\/develop.immobilienbusiness.ch\/fr\/wp-json\/wp\/v2\/tags?post=2374"}],"curies":[{"name":"wp","href":"https:\/\/api.w.org\/{rel}","templated":true}]}}