{"id":2305,"date":"2021-09-21T08:42:49","date_gmt":"2021-09-21T06:42:49","guid":{"rendered":"https:\/\/develop.immobilienbusiness.ch\/de\/allgemein\/2021-09-21\/kunten-wohnsiedlung-fur-die-breite-ii-in-planung\/"},"modified":"2021-09-21T08:42:49","modified_gmt":"2021-09-21T06:42:49","slug":"kunten-wohnsiedlung-fur-die-breite-ii-in-planung","status":"publish","type":"post","link":"https:\/\/develop.immobilienbusiness.ch\/fr\/ib\/2021-09-21\/kunten-wohnsiedlung-fur-die-breite-ii-in-planung\/","title":{"rendered":"K\u00fcnten: Wohnsiedlung f\u00fcr die \u00abBreite II\u00bb in Planung"},"content":{"rendered":"<p><span><span><span><span>Die Grundeigent\u00fcmerin IBRAG Immobilien AG m\u00f6chte das Grundst\u00fcck am n\u00f6rdlichen Dorfrand von K\u00fcnten zeitnah einer \u00dcberbauung zuf\u00fchren. Es grenzt an eine neue, dichte, dreigeschossige \u00dcberbauung mit 64 Wohnungen, im Westen an Landwirtschaftsland und auf der \u00f6stlichen Seite an die Hauptstrasse. Derzeit befinden sich gr\u00f6ssere Gewerbebauten und Lagerfl\u00e4chen auf dem Areal, die vermietet sind. <\/span><\/span><\/span><\/span><\/p>\n<p><span><span><span><span>Das Richtprojekt sieht sechs Neubauten mit rund 60 Wohnungen in verschiedenen Gr\u00f6ssen vor. Die Geb\u00e4ude sollen schachbrettartig angeordnet werden, so dass sich zwei grosse Innenh\u00f6fe ergeben. Geplant ist zudem eine zweigeschossige Tiefgarage mit <span><span><span>125 Parkpl\u00e4tzen. <\/span><\/span><\/span><\/span><\/span><\/span><\/span><\/p>\n<p><span><span><span><span><span><span><span>Das Mitwirkungsverfahren f\u00fcr das Vorhaben l\u00e4uft noch bis am 15. Oktober 2021. <\/span><\/span><\/span><\/span><\/span><\/span><\/span><\/p>","protected":false},"excerpt":{"rendered":"<p><span><span><span>Das Gebiet \u00abBreite II\u00bb, eines der gr\u00f6ssten Entwicklungsgebiete der Gemeinde K\u00fcnten (AG), soll mit einer Wohnsiedlung \u00fcberbaut werden. Derzeit l\u00e4uft das Mitwirkungsverfahren zum Gestaltungsplan.<\/span><\/span><\/span><\/p>","protected":false},"author":23,"featured_media":0,"comment_status":"closed","ping_status":"closed","sticky":false,"template":"","format":"standard","meta":{"_acf_changed":false,"footnotes":""},"categories":[5],"tags":[6,11,4],"class_list":["post-2305","post","type-post","status-publish","format-standard","hentry","category-ib","tag-ag","tag-in-planung","tag-mehrfamilienhaus-miete"],"acf":[],"_links":{"self":[{"href":"https:\/\/develop.immobilienbusiness.ch\/fr\/wp-json\/wp\/v2\/posts\/2305","targetHints":{"allow":["GET"]}}],"collection":[{"href":"https:\/\/develop.immobilienbusiness.ch\/fr\/wp-json\/wp\/v2\/posts"}],"about":[{"href":"https:\/\/develop.immobilienbusiness.ch\/fr\/wp-json\/wp\/v2\/types\/post"}],"author":[{"embeddable":true,"href":"https:\/\/develop.immobilienbusiness.ch\/fr\/wp-json\/wp\/v2\/users\/23"}],"replies":[{"embeddable":true,"href":"https:\/\/develop.immobilienbusiness.ch\/fr\/wp-json\/wp\/v2\/comments?post=2305"}],"version-history":[{"count":0,"href":"https:\/\/develop.immobilienbusiness.ch\/fr\/wp-json\/wp\/v2\/posts\/2305\/revisions"}],"wp:attachment":[{"href":"https:\/\/develop.immobilienbusiness.ch\/fr\/wp-json\/wp\/v2\/media?parent=2305"}],"wp:term":[{"taxonomy":"category","embeddable":true,"href":"https:\/\/develop.immobilienbusiness.ch\/fr\/wp-json\/wp\/v2\/categories?post=2305"},{"taxonomy":"post_tag","embeddable":true,"href":"https:\/\/develop.immobilienbusiness.ch\/fr\/wp-json\/wp\/v2\/tags?post=2305"}],"curies":[{"name":"wp","href":"https:\/\/api.w.org\/{rel}","templated":true}]}}