{"id":2245,"date":"2021-09-07T10:05:53","date_gmt":"2021-09-07T08:05:53","guid":{"rendered":"https:\/\/develop.immobilienbusiness.ch\/de\/allgemein\/2021-09-07\/basel-neuansiedlung-auf-dem-rosental-areal\/"},"modified":"2021-09-07T10:05:53","modified_gmt":"2021-09-07T08:05:53","slug":"basel-neuansiedlung-auf-dem-rosental-areal","status":"publish","type":"post","link":"https:\/\/develop.immobilienbusiness.ch\/fr\/ib\/2021-09-07\/basel-neuansiedlung-auf-dem-rosental-areal\/","title":{"rendered":"Basel: Neuansiedlung auf dem Rosental-Areal"},"content":{"rendered":"<p><span><span><span>Wie Ten23 Health mitteilt, hat es zum 1. August seine operative T\u00e4tigkeit aufgenommen und dazu ein B\u00fcro- und Laborgeb\u00e4ude mit 4.000 qm Fl\u00e4che von Elanco \u00fcbernommen. Hier will das Unternehmen Arbeitspl\u00e4tze f\u00fcr 150 Vollzeitkr\u00e4fte ansiedeln. <\/span><\/span><\/span><\/p>\n<p><span><span><span>Ten23 Health will grosse Biotech- und Pharmaunternehmen bei der Entwicklung, Herstellung und Pr\u00fcfung injizierbarer biopharmazeutischer Arzneimittel unterst\u00fctzen. Die britische Investmentgesellschaft 3i Group ist an dem jungen Unternehmen um CEO Prof. Dr. Hanns-Christian Mahler beteiligt. Mahler war u.a. bei Roche in Basel in <\/span><\/span><\/span>verschiedenen Leitungsfunktionen t\u00e4tig, zuletzt arbeitete er als Standortleiter bei Lonza in Basel.<\/p>","protected":false},"excerpt":{"rendered":"<p><span><span><span>Das neu gegr\u00fcndete Biotech-Unternehmen Ten23 Health hat sich auf dem Areal Rosental Mitte in Basel, zwischen Messe und Badischem Bahnhof, angesiedelt.<\/span><\/span><\/span><\/p>","protected":false},"author":23,"featured_media":0,"comment_status":"closed","ping_status":"closed","sticky":false,"template":"","format":"standard","meta":{"_acf_changed":false,"footnotes":""},"categories":[5],"tags":[2,7,22,40],"class_list":["post-2245","post","type-post","status-publish","format-standard","hentry","category-ib","tag-bs","tag-buro","tag-industrie","tag-vermietung"],"acf":[],"_links":{"self":[{"href":"https:\/\/develop.immobilienbusiness.ch\/fr\/wp-json\/wp\/v2\/posts\/2245","targetHints":{"allow":["GET"]}}],"collection":[{"href":"https:\/\/develop.immobilienbusiness.ch\/fr\/wp-json\/wp\/v2\/posts"}],"about":[{"href":"https:\/\/develop.immobilienbusiness.ch\/fr\/wp-json\/wp\/v2\/types\/post"}],"author":[{"embeddable":true,"href":"https:\/\/develop.immobilienbusiness.ch\/fr\/wp-json\/wp\/v2\/users\/23"}],"replies":[{"embeddable":true,"href":"https:\/\/develop.immobilienbusiness.ch\/fr\/wp-json\/wp\/v2\/comments?post=2245"}],"version-history":[{"count":0,"href":"https:\/\/develop.immobilienbusiness.ch\/fr\/wp-json\/wp\/v2\/posts\/2245\/revisions"}],"wp:attachment":[{"href":"https:\/\/develop.immobilienbusiness.ch\/fr\/wp-json\/wp\/v2\/media?parent=2245"}],"wp:term":[{"taxonomy":"category","embeddable":true,"href":"https:\/\/develop.immobilienbusiness.ch\/fr\/wp-json\/wp\/v2\/categories?post=2245"},{"taxonomy":"post_tag","embeddable":true,"href":"https:\/\/develop.immobilienbusiness.ch\/fr\/wp-json\/wp\/v2\/tags?post=2245"}],"curies":[{"name":"wp","href":"https:\/\/api.w.org\/{rel}","templated":true}]}}