{"id":2231,"date":"2021-09-03T09:02:06","date_gmt":"2021-09-03T07:02:06","guid":{"rendered":"https:\/\/develop.immobilienbusiness.ch\/de\/allgemein\/2021-09-03\/crissier-baustart-fur-plazza-projekt-noch-in-diesem-jahr\/"},"modified":"2021-09-03T09:02:06","modified_gmt":"2021-09-03T07:02:06","slug":"crissier-baustart-fur-plazza-projekt-noch-in-diesem-jahr","status":"publish","type":"post","link":"https:\/\/develop.immobilienbusiness.ch\/fr\/ib\/2021-09-03\/crissier-baustart-fur-plazza-projekt-noch-in-diesem-jahr\/","title":{"rendered":"Crissier: Baustart f\u00fcr Plazza-Projekt noch in diesem Jahr"},"content":{"rendered":"<p><span><span><span>Wie die Plazza AG bei der Ver\u00f6ffentlichung ihres Halbjahresergebnisses mitteilt, liegt die Baubewilligung f\u00fcr das Entwicklungsprojekt in Crissier vor. Allerdings verhindert ein letzter Rekurs, dass sie rechtskr\u00e4ftig wird. Sobald er beigelegt ist, will Plazza mit der Realisierung der ersten Etappe starten. Aus heutiger Sicht sollte dies Ende 2021 der Fall sein, teilt das Unternehmen mit. <\/span><\/span><\/span><\/p>\n<p><span><span><span>Die erste Etappe umfasst rund zwei Drittel des Gesamtprojekts mit einem Investitionsvolumen von bis zu 220 Mio. CHF. Auf einem 67.000 qm grossen Areal am Stadtrand von Lausanne soll eine Mischnutzung aus 65% Wohnen und 35% \u00fcbrigen Nutzungen entstehen. Geplant sind \u00fcber 500 Wohneinheiten, wobei sowohl Miet- als auch Eigentumswohnungen erstellt werden, und 16.000 qm Gesch\u00e4ftsfl\u00e4chen. <\/span><\/span><\/span><\/p>\n<p><span><span><span>Plazza hat bereits 2019 mit einer Stiftung, die ein Pflegeheim auf dem Areal plant, einen Baurechtsvertrag abgeschlossen und mit der Gemeinde Crissier der Bau eines Primarschulhauses vereinbart. Diese beiden Objekte werden ebenfalls Teil der ersten Etappe sein.<\/span><\/span><\/span><\/p>\n<p><span><span><span>Ein weiteres Entwicklungsprojekt verfolgt die Plazza AG in Regensdorf (ZH). Hier soll auf dem ehemaligen Industriegebiet n\u00f6rdlich des Bahnhofs ein neues Quartier entstehen. Der private Gestaltungsplan f\u00fcr das Vorhaben ist derzeit in Pr\u00fcfung. Die Realisierung des Projekts werde aber fr\u00fchestens in drei bis sechs Jahren starten k\u00f6nnen und h\u00e4nge davon ab, wie schnell die \u00f6ffentliche Hand die notwendigen Anpassungen der Infrastruktur, z.B. Strassenerweiterungen, realisieren k\u00f6nne, so Plazza. <\/span><\/span><\/span><\/p>","protected":false},"excerpt":{"rendered":"<p><span><span><span>Die Plazza AG geht davon aus, noch 2021 mit der Realisierung ihres Grossprojekts in Crissier (VD) beginnen zu k\u00f6nnen. <\/span><\/span><\/span><\/p>","protected":false},"author":23,"featured_media":0,"comment_status":"closed","ping_status":"closed","sticky":false,"template":"","format":"standard","meta":{"_acf_changed":false,"footnotes":""},"categories":[5],"tags":[11,4,14,44],"class_list":["post-2231","post","type-post","status-publish","format-standard","hentry","category-ib","tag-in-planung","tag-mehrfamilienhaus-miete","tag-mfh-stockwerkeigentum","tag-vd"],"acf":[],"_links":{"self":[{"href":"https:\/\/develop.immobilienbusiness.ch\/fr\/wp-json\/wp\/v2\/posts\/2231","targetHints":{"allow":["GET"]}}],"collection":[{"href":"https:\/\/develop.immobilienbusiness.ch\/fr\/wp-json\/wp\/v2\/posts"}],"about":[{"href":"https:\/\/develop.immobilienbusiness.ch\/fr\/wp-json\/wp\/v2\/types\/post"}],"author":[{"embeddable":true,"href":"https:\/\/develop.immobilienbusiness.ch\/fr\/wp-json\/wp\/v2\/users\/23"}],"replies":[{"embeddable":true,"href":"https:\/\/develop.immobilienbusiness.ch\/fr\/wp-json\/wp\/v2\/comments?post=2231"}],"version-history":[{"count":0,"href":"https:\/\/develop.immobilienbusiness.ch\/fr\/wp-json\/wp\/v2\/posts\/2231\/revisions"}],"wp:attachment":[{"href":"https:\/\/develop.immobilienbusiness.ch\/fr\/wp-json\/wp\/v2\/media?parent=2231"}],"wp:term":[{"taxonomy":"category","embeddable":true,"href":"https:\/\/develop.immobilienbusiness.ch\/fr\/wp-json\/wp\/v2\/categories?post=2231"},{"taxonomy":"post_tag","embeddable":true,"href":"https:\/\/develop.immobilienbusiness.ch\/fr\/wp-json\/wp\/v2\/tags?post=2231"}],"curies":[{"name":"wp","href":"https:\/\/api.w.org\/{rel}","templated":true}]}}