{"id":221,"date":"2020-04-22T09:54:50","date_gmt":"2020-04-22T07:54:50","guid":{"rendered":"https:\/\/develop.immobilienbusiness.ch\/de\/allgemein\/2020-04-22\/sursee-wohn-und-gewerbeuberbauung-in-planung\/"},"modified":"2020-04-22T09:54:50","modified_gmt":"2020-04-22T07:54:50","slug":"sursee-wohn-und-gewerbeuberbauung-in-planung","status":"publish","type":"post","link":"https:\/\/develop.immobilienbusiness.ch\/fr\/ib\/2020-04-22\/sursee-wohn-und-gewerbeuberbauung-in-planung\/","title":{"rendered":"Sursee: Wohn- und Gewerbe\u00fcberbauung in Planung"},"content":{"rendered":"<p>Die Grundeigent\u00fcmerin EA Immobilien AG aus Oberkirch will auf einer rund 3.800 qm grossen Parzelle zwischen Centralstrasse, Christoph-Schnyder-Strasse und der Schnydermatt die \u00dcberbauung Girasole erstellen. Das Projekt besteht aus vier Bauk\u00f6rpern mit bis zu sechs Geschossen. Vorgesehen sind 57 Wohnungen (2,5 bis 4,5 Zimmer) und rund 1.700 qm Gewerbefl\u00e4chen sowie eine Einstellhalle mit 64 Pkw-Stellpl\u00e4tzen. Hinzu kommen\u00a0 Veloabstellpl\u00e4tze und neun oberirdische Parkpl\u00e4tze.<\/p>\n<p>Der Neubau wird die ganze Parzelle besetzen und sich an der Centralstrasse an der H\u00f6he an den bestehenden Bauten orientieren. Durch dasVor-\u00a0 und R\u00fcckspringen der einzelnen Geb\u00e4udeviertel entstehen zwei- und dreiseitig gefasste H\u00f6fe. Entlang der Christoph-Schnyder-Strasse sollen sie mit ein- bzw. zweigeschossigen Einbauten auf Strassenniveau geschlossen werden, auf der Westseite dienen sie dem Wohnen.<\/p>\n<p>In den Erdgeschossen entlang der Central- und Christoph-Schnyder-Strasse sollen Verkaufs- und Dienstleistungsfl\u00e4chen untergebraucht werden; die Vorzone mit Baumbestand soll dabei als attraktiver \u00f6ffentlicher Aussenraum gestaltet werden.<\/p>\n<p>Auf der nach Westen orientierten Gartenseite, im Hochparterre, sind Dienstleistungsfl\u00e4chen vorgesehen. Diese und die dar\u00fcber liegenden Wohnungen werden \u00fcber die beiden strassenseitigen H\u00f6fe erschlossen. Alle vier Treppenh\u00e4user f\u00fchren auf das Dach, dass zu einem Dachgarten ausgestaltet wird.<\/p>\n<p>Der Gestaltungsplan f\u00fcr die \u00dcberbauung liegt noch bis zum 4. Mai 2020 \u00f6ffentlich auf.<\/p>","protected":false},"excerpt":{"rendered":"<p>An der Centralstrasse in Sursee (LU) soll ein Neubau mit Wohnungen sowie B\u00fcro- und Ladenfl\u00e4chen entstehen.<\/p>","protected":false},"author":23,"featured_media":0,"comment_status":"closed","ping_status":"closed","sticky":false,"template":"","format":"standard","meta":{"_acf_changed":false,"footnotes":""},"categories":[5],"tags":[7,11,10,4,16],"class_list":["post-221","post","type-post","status-publish","format-standard","hentry","category-ib","tag-buro","tag-in-planung","tag-lu","tag-mehrfamilienhaus-miete","tag-retail"],"acf":[],"_links":{"self":[{"href":"https:\/\/develop.immobilienbusiness.ch\/fr\/wp-json\/wp\/v2\/posts\/221","targetHints":{"allow":["GET"]}}],"collection":[{"href":"https:\/\/develop.immobilienbusiness.ch\/fr\/wp-json\/wp\/v2\/posts"}],"about":[{"href":"https:\/\/develop.immobilienbusiness.ch\/fr\/wp-json\/wp\/v2\/types\/post"}],"author":[{"embeddable":true,"href":"https:\/\/develop.immobilienbusiness.ch\/fr\/wp-json\/wp\/v2\/users\/23"}],"replies":[{"embeddable":true,"href":"https:\/\/develop.immobilienbusiness.ch\/fr\/wp-json\/wp\/v2\/comments?post=221"}],"version-history":[{"count":0,"href":"https:\/\/develop.immobilienbusiness.ch\/fr\/wp-json\/wp\/v2\/posts\/221\/revisions"}],"wp:attachment":[{"href":"https:\/\/develop.immobilienbusiness.ch\/fr\/wp-json\/wp\/v2\/media?parent=221"}],"wp:term":[{"taxonomy":"category","embeddable":true,"href":"https:\/\/develop.immobilienbusiness.ch\/fr\/wp-json\/wp\/v2\/categories?post=221"},{"taxonomy":"post_tag","embeddable":true,"href":"https:\/\/develop.immobilienbusiness.ch\/fr\/wp-json\/wp\/v2\/tags?post=221"}],"curies":[{"name":"wp","href":"https:\/\/api.w.org\/{rel}","templated":true}]}}