{"id":2198,"date":"2021-08-25T09:16:24","date_gmt":"2021-08-25T07:16:24","guid":{"rendered":"https:\/\/develop.immobilienbusiness.ch\/de\/allgemein\/2021-08-25\/fundamenta-stuhlerucken-in-der-chefetage\/"},"modified":"2021-08-25T09:16:24","modified_gmt":"2021-08-25T07:16:24","slug":"fundamenta-stuhlerucken-in-der-chefetage","status":"publish","type":"post","link":"https:\/\/develop.immobilienbusiness.ch\/fr\/ib\/2021-08-25\/fundamenta-stuhlerucken-in-der-chefetage\/","title":{"rendered":"Fundamenta: St\u00fchler\u00fccken in der Chefetage"},"content":{"rendered":"<p><span><span><span>Marcel Schaad (43) wird seine neue Position als Head Acquisition &amp; Investment Solutions und Mitglied der Gesch\u00e4ftsleitung zum 1. November dieses Jahres einnehmen. Der 41-j\u00e4hrige Christian G\u00e4tzi wird zum 1. Januar 2022 die Funktion als Chief Financial Officer (CFO) von Fundamenta \u00fcbernehmen; bislang ist er als Manager Corporate Development t\u00e4tig. Schaad und G\u00e4tzi folgen auf Hans-Peter Gehrig (55), Leiter Einkauf Immobilien, und den CFO Thomas Hiestand (56), die ihre operativen T\u00e4tigkeiten niederlegen. Sie werden dem Unternehmen k\u00fcnftig als Beir\u00e4te verbunden bleiben, teilt Fundamenta mit.<\/span><\/span><\/span><\/p>\n<p><span><span><span>Schaad wechselt von Swiss Prime Site Immobilien, wo er seit gut acht Jahren t\u00e4tig war, zu Fundamenta. Er kam 2013 zu Swiss Prime Site und fungierte zuletzt als Head Acquisition &amp; Sales sowie Mitglied der Gesch\u00e4ftsleitung. Zuvor war er als Rechtsanwalt t\u00e4tig, u.a. bei B\u00e4r &amp; Karrer sowie Eversheds Sutherland. In der neu geschaffenen Funktion als Leiter des Bereichs Acquisition &amp; Investment Solutions soll er bei Fundamenta das Netzwerk mit Fokus auf Immobilienentwicklungen und kommerzielle Nutzungen ausbauen und das Leistungsangebot f\u00fcr institutionelle und private Immobilieneigent\u00fcmer erweitern, so der Asset Manager. Schaad rapportiert an Daniel Kuster, den Chief Executive Officer (CEO) der Fundamenta Group. <\/span><\/span><\/span><\/p>\n<p><span><span><span>Andreas Kohlbrenner (50), der seit 2012 gemeinsam mit Hans-Peter Gehrig den Bereich Immobilieneinkauf aufgebaut und entwickelt hat, wird per 1. Januar 2022 zum Head Acquisition bef\u00f6rdert. Er soll im Bereich von Marcel Schaad f\u00fcr die F\u00fchrung und den Ausbau des bestehenden Einkaufsteams verantwortlich sein, teilt Fundamenta weiter mit. <\/span><\/span><\/span><\/p>\n<p><span><span><span>Christian G\u00e4tzi, zurzeit noch Manager Corporate Development der Fundamenta Group, tritt als neuer CFO die Nachfolge von Thomas Hiestand an. Er kam erst zum Jahresbeginn zu der Gesellschaft, zuvor war \u00fcber zw\u00f6lf Jahre bei dem Beratungsunternehmen IFBC AG t\u00e4tig, zuletzt als Partner. Davor arbeitete er in verschiedenen Funktionen im In- und Ausland bei der UBS. <\/span><\/span><\/span><\/p>\n<p><span><span><span>Die neue Gesch\u00e4ftsleitung der Fundamenta Group Schweiz besteht demnach ab Januar 2022 aus dem CEO Daniel Kuster, der COO Dr. Tina St\u00f6rmer, Ricardo Ferreira als CIO, Christian G\u00e4tzi als CFO und Marcel Schaad als Head Acquisition &amp; Investment Solutions.<\/span><\/span><\/span><\/p>","protected":false},"excerpt":{"rendered":"<p><span><span><span>Die Fundamenta Group besetzt wichtige Positionen neu: Marcel Schaad, bislang bei Swiss Prime Site Immobilien t\u00e4tig, zieht als Leiter des neuen Bereichs Acquisition &amp; Investment Solutions in die Gesch\u00e4ftsleitung ein. Neuer CFO bei Fundamenta wird Christian G\u00e4tzi. <\/span><\/span><\/span><\/p>","protected":false},"author":23,"featured_media":0,"comment_status":"closed","ping_status":"closed","sticky":false,"template":"","format":"standard","meta":{"_acf_changed":false,"footnotes":""},"categories":[5],"tags":[45,74],"class_list":["post-2198","post","type-post","status-publish","format-standard","hentry","category-ib","tag-asset-manager","tag-personalia"],"acf":[],"_links":{"self":[{"href":"https:\/\/develop.immobilienbusiness.ch\/fr\/wp-json\/wp\/v2\/posts\/2198","targetHints":{"allow":["GET"]}}],"collection":[{"href":"https:\/\/develop.immobilienbusiness.ch\/fr\/wp-json\/wp\/v2\/posts"}],"about":[{"href":"https:\/\/develop.immobilienbusiness.ch\/fr\/wp-json\/wp\/v2\/types\/post"}],"author":[{"embeddable":true,"href":"https:\/\/develop.immobilienbusiness.ch\/fr\/wp-json\/wp\/v2\/users\/23"}],"replies":[{"embeddable":true,"href":"https:\/\/develop.immobilienbusiness.ch\/fr\/wp-json\/wp\/v2\/comments?post=2198"}],"version-history":[{"count":0,"href":"https:\/\/develop.immobilienbusiness.ch\/fr\/wp-json\/wp\/v2\/posts\/2198\/revisions"}],"wp:attachment":[{"href":"https:\/\/develop.immobilienbusiness.ch\/fr\/wp-json\/wp\/v2\/media?parent=2198"}],"wp:term":[{"taxonomy":"category","embeddable":true,"href":"https:\/\/develop.immobilienbusiness.ch\/fr\/wp-json\/wp\/v2\/categories?post=2198"},{"taxonomy":"post_tag","embeddable":true,"href":"https:\/\/develop.immobilienbusiness.ch\/fr\/wp-json\/wp\/v2\/tags?post=2198"}],"curies":[{"name":"wp","href":"https:\/\/api.w.org\/{rel}","templated":true}]}}